{"id":2010,"date":"2014-06-04T09:47:49","date_gmt":"2014-06-04T12:47:49","guid":{"rendered":"http:\/\/paulorobertodaradio.com.br\/site\/?p=2010"},"modified":"2014-06-04T09:47:49","modified_gmt":"2014-06-04T12:47:49","slug":"em-miradouro-adolescente-e-apreendido-com-dinheiro-na-cueca","status":"publish","type":"post","link":"http:\/\/paulorobertodaradio.com.br\/site\/?p=2010","title":{"rendered":"EM MIRADOURO: ADOLESCENTE \u00c9 APREENDIDO COM DINHEIRO NA CUECA"},"content":{"rendered":"<p><a href=\"http:\/\/paulorobertodaradio.com.br\/site\/wp-content\/uploads\/2014\/06\/ad-cueca.jpg\"><img loading=\"lazy\" decoding=\"async\" class=\"aligncenter size-full wp-image-2011\" alt=\"ad cueca\" src=\"http:\/\/paulorobertodaradio.com.br\/site\/wp-content\/uploads\/2014\/06\/ad-cueca.jpg\" width=\"640\" height=\"480\" srcset=\"http:\/\/paulorobertodaradio.com.br\/site\/wp-content\/uploads\/2014\/06\/ad-cueca.jpg 640w, http:\/\/paulorobertodaradio.com.br\/site\/wp-content\/uploads\/2014\/06\/ad-cueca-300x225.jpg 300w, http:\/\/paulorobertodaradio.com.br\/site\/wp-content\/uploads\/2014\/06\/ad-cueca-624x468.jpg 624w\" sizes=\"auto, (max-width: 640px) 100vw, 640px\" \/><\/a><\/p>\n<p>Na noite desta ter\u00e7a-feira (03) por volta das 20h00min a Policia Militar de Miradouro realizava Opera\u00e7\u00e3o em \u00c1rea de Risco, no local onde j\u00e1 havia recebido denuncia de que v\u00e1rios adolescentes estariam Traficando drogas, quando depararam com 02 adolescentes num ponto de vendas de drogas, os mesmos foram abordados e um dos adolescentes foi flagrado com cerca de R$ 261,00 reais em dinheiro que estava dentro de sua cueca.<\/p>\n<p>Os Policiais suspeitando da proced\u00eancia, indagaram do menor onde havia conseguido o dinheiro, tendo ele relatado que havia ganhado na panha de caf\u00e9, percebendo que n\u00e3o havia convencido os militares ele mudou sua vers\u00e3o dizendo que o dinheiro era de sua m\u00e3e. Os Policiais deslocaram com o mesmo at\u00e9 a presen\u00e7a da m\u00e3e, onde a mesma informou que desconhecia a proced\u00eancia do dinheiro e que seu filho n\u00e3o trabalha e est\u00e1 envolvido com o tr\u00e1fico de drogas, salientando ainda que estava se mudando da cidade no dia seguinte, pois seus 02 filhos estariam envolvidos com o trafico de drogas.<\/p>\n<p>Diante da situa\u00e7\u00e3o o adolescente infrator confirmou que o dinheiro era proveniente da venda de \u201cCrack\u201d, sendo neste momento apreendido pelo ato infracional de associa\u00e7\u00e3o para o trafico de drogas, sendo conduzido juntamente com sua genitora at\u00e9 a DPJ de Miradouro para as demais providencias.<\/p>\n<p>Colabora\u00e7\u00e3o: miradouronoticias.com<\/p>\n","protected":false},"excerpt":{"rendered":"<p>Na noite desta ter\u00e7a-feira (03) por volta das 20h00min a Policia Militar de Miradouro realizava Opera\u00e7\u00e3o em \u00c1rea de Risco, no local onde j\u00e1 havia recebido denuncia de que v\u00e1rios adolescentes estariam Traficando drogas, quando depararam com 02 adolescentes num ponto de vendas de drogas, os mesmos foram abordados e um dos adolescentes foi flagrado [&hellip;]<\/p>\n","protected":false},"author":2,"featured_media":0,"comment_status":"open","ping_status":"open","sticky":false,"template":"","format":"standard","meta":{"footnotes":""},"categories":[1],"tags":[],"class_list":["post-2010","post","type-post","status-publish","format-standard","hentry","category-sem-categoria"],"_links":{"self":[{"href":"http:\/\/paulorobertodaradio.com.br\/site\/index.php?rest_route=\/wp\/v2\/posts\/2010","targetHints":{"allow":["GET"]}}],"collection":[{"href":"http:\/\/paulorobertodaradio.com.br\/site\/index.php?rest_route=\/wp\/v2\/posts"}],"about":[{"href":"http:\/\/paulorobertodaradio.com.br\/site\/index.php?rest_route=\/wp\/v2\/types\/post"}],"author":[{"embeddable":true,"href":"http:\/\/paulorobertodaradio.com.br\/site\/index.php?rest_route=\/wp\/v2\/users\/2"}],"replies":[{"embeddable":true,"href":"http:\/\/paulorobertodaradio.com.br\/site\/index.php?rest_route=%2Fwp%2Fv2%2Fcomments&post=2010"}],"version-history":[{"count":2,"href":"http:\/\/paulorobertodaradio.com.br\/site\/index.php?rest_route=\/wp\/v2\/posts\/2010\/revisions"}],"predecessor-version":[{"id":2013,"href":"http:\/\/paulorobertodaradio.com.br\/site\/index.php?rest_route=\/wp\/v2\/posts\/2010\/revisions\/2013"}],"wp:attachment":[{"href":"http:\/\/paulorobertodaradio.com.br\/site\/index.php?rest_route=%2Fwp%2Fv2%2Fmedia&parent=2010"}],"wp:term":[{"taxonomy":"category","embeddable":true,"href":"http:\/\/paulorobertodaradio.com.br\/site\/index.php?rest_route=%2Fwp%2Fv2%2Fcategories&post=2010"},{"taxonomy":"post_tag","embeddable":true,"href":"http:\/\/paulorobertodaradio.com.br\/site\/index.php?rest_route=%2Fwp%2Fv2%2Ftags&post=2010"}],"curies":[{"name":"wp","href":"https:\/\/api.w.org\/{rel}","templated":true}]}}