{"id":2014,"date":"2014-06-04T13:18:36","date_gmt":"2014-06-04T16:18:36","guid":{"rendered":"http:\/\/paulorobertodaradio.com.br\/site\/?p=2014"},"modified":"2014-06-04T13:18:36","modified_gmt":"2014-06-04T16:18:36","slug":"no-brasil-maioria-dos-brasileiros-ve-copa-com-mau-humor","status":"publish","type":"post","link":"http:\/\/paulorobertodaradio.com.br\/site\/?p=2014","title":{"rendered":"NO BRASIL: MAIORIA DOS BRASILEIROS V\u00ca COPA COM MAU HUMOR"},"content":{"rendered":"<p><a href=\"http:\/\/paulorobertodaradio.com.br\/site\/wp-content\/uploads\/2014\/06\/logo_copa_2014.png\"><img loading=\"lazy\" decoding=\"async\" class=\"aligncenter size-full wp-image-2015\" alt=\"logo_copa_2014\" src=\"http:\/\/paulorobertodaradio.com.br\/site\/wp-content\/uploads\/2014\/06\/logo_copa_2014.png\" width=\"285\" height=\"350\" srcset=\"http:\/\/paulorobertodaradio.com.br\/site\/wp-content\/uploads\/2014\/06\/logo_copa_2014.png 285w, http:\/\/paulorobertodaradio.com.br\/site\/wp-content\/uploads\/2014\/06\/logo_copa_2014-244x300.png 244w\" sizes=\"auto, (max-width: 285px) 100vw, 285px\" \/><\/a>Um estudo realizado por um instituto de pesquisas norte-americano apontou que grande parte dos brasileiros v\u00ea como um mau neg\u00f3cio o pa\u00eds abrigar a Copa de 2014.<br \/>\nA pesquisa entrevistou mais de 1000 pessoas e cerca de 72 por cento delas se mostraram insatisfeitas com a atual situa\u00e7\u00e3o do Brasil e n\u00e3o queriam que a Copa acontecesse aqui.<br \/>\nA analise quis mostrar qual a percep\u00e7\u00e3o que os brasileiros t\u00eam da atual situa\u00e7\u00e3o econ\u00f4mica do pa\u00eds e qual a imagem que o pa\u00eds-sede do Mundial vai passa para o restante no mundo.<br \/>\nEntre os entrevistados, a maioria relatou que o Brasil enfrenta diversos problemas, entre eles: infla\u00e7\u00e3o, sa\u00fade p\u00fablica, inseguran\u00e7a, corrup\u00e7\u00e3o e n\u00e3o tem condi\u00e7\u00f5es de sediar o mundial.<br \/>\nEles acham ainda que a Copa s\u00f3 vai agravar a imagem do pa\u00eds no exterior.<\/p>\n<p>Fonte ag\u00eancia radio 2<\/p>\n<p>&nbsp;<\/p>\n","protected":false},"excerpt":{"rendered":"<p>Um estudo realizado por um instituto de pesquisas norte-americano apontou que grande parte dos brasileiros v\u00ea como um mau neg\u00f3cio o pa\u00eds abrigar a Copa de 2014. A pesquisa entrevistou mais de 1000 pessoas e cerca de 72 por cento delas se mostraram insatisfeitas com a atual situa\u00e7\u00e3o do Brasil e n\u00e3o queriam que a [&hellip;]<\/p>\n","protected":false},"author":2,"featured_media":0,"comment_status":"open","ping_status":"open","sticky":false,"template":"","format":"standard","meta":{"footnotes":""},"categories":[1],"tags":[],"class_list":["post-2014","post","type-post","status-publish","format-standard","hentry","category-sem-categoria"],"_links":{"self":[{"href":"http:\/\/paulorobertodaradio.com.br\/site\/index.php?rest_route=\/wp\/v2\/posts\/2014","targetHints":{"allow":["GET"]}}],"collection":[{"href":"http:\/\/paulorobertodaradio.com.br\/site\/index.php?rest_route=\/wp\/v2\/posts"}],"about":[{"href":"http:\/\/paulorobertodaradio.com.br\/site\/index.php?rest_route=\/wp\/v2\/types\/post"}],"author":[{"embeddable":true,"href":"http:\/\/paulorobertodaradio.com.br\/site\/index.php?rest_route=\/wp\/v2\/users\/2"}],"replies":[{"embeddable":true,"href":"http:\/\/paulorobertodaradio.com.br\/site\/index.php?rest_route=%2Fwp%2Fv2%2Fcomments&post=2014"}],"version-history":[{"count":1,"href":"http:\/\/paulorobertodaradio.com.br\/site\/index.php?rest_route=\/wp\/v2\/posts\/2014\/revisions"}],"predecessor-version":[{"id":2016,"href":"http:\/\/paulorobertodaradio.com.br\/site\/index.php?rest_route=\/wp\/v2\/posts\/2014\/revisions\/2016"}],"wp:attachment":[{"href":"http:\/\/paulorobertodaradio.com.br\/site\/index.php?rest_route=%2Fwp%2Fv2%2Fmedia&parent=2014"}],"wp:term":[{"taxonomy":"category","embeddable":true,"href":"http:\/\/paulorobertodaradio.com.br\/site\/index.php?rest_route=%2Fwp%2Fv2%2Fcategories&post=2014"},{"taxonomy":"post_tag","embeddable":true,"href":"http:\/\/paulorobertodaradio.com.br\/site\/index.php?rest_route=%2Fwp%2Fv2%2Ftags&post=2014"}],"curies":[{"name":"wp","href":"https:\/\/api.w.org\/{rel}","templated":true}]}}