{"id":2017,"date":"2014-06-04T13:21:41","date_gmt":"2014-06-04T16:21:41","guid":{"rendered":"http:\/\/paulorobertodaradio.com.br\/site\/?p=2017"},"modified":"2014-06-04T13:21:41","modified_gmt":"2014-06-04T16:21:41","slug":"em-miradouro-ponte-esta-reformada","status":"publish","type":"post","link":"http:\/\/paulorobertodaradio.com.br\/site\/?p=2017","title":{"rendered":"EM MIRADOURO: PONTE ESTA REFORMADA"},"content":{"rendered":"<p><a href=\"http:\/\/paulorobertodaradio.com.br\/site\/wp-content\/uploads\/2014\/06\/PONTE-NOVA-MIRAD.jpg\"><img loading=\"lazy\" decoding=\"async\" class=\"aligncenter size-full wp-image-2018\" alt=\"PONTE NOVA MIRAD\" src=\"http:\/\/paulorobertodaradio.com.br\/site\/wp-content\/uploads\/2014\/06\/PONTE-NOVA-MIRAD.jpg\" width=\"590\" height=\"443\" srcset=\"http:\/\/paulorobertodaradio.com.br\/site\/wp-content\/uploads\/2014\/06\/PONTE-NOVA-MIRAD.jpg 590w, http:\/\/paulorobertodaradio.com.br\/site\/wp-content\/uploads\/2014\/06\/PONTE-NOVA-MIRAD-300x225.jpg 300w\" sizes=\"auto, (max-width: 590px) 100vw, 590px\" \/><\/a>A Ponte sobre o Rio Gl\u00f3ria, do Bairro Pedro Jos\u00e9 de Queiroz est\u00e1 com um novo visual ap\u00f3s reforma realizada pela Prefeitura de Miradouro, atrav\u00e9s da Secretaria de Obras.<\/p>\n<p>Um lado do percurso foi ampliado e implantadas grades de ferro nos dois passeios utilizados pelos pedestres, oferecendo assim maior prote\u00e7\u00e3o a todos que por ali passam. A cal\u00e7ada que d\u00e1 continuidade \u00e0 Ponte, em frente ao Centro Cultural Serra do Brigadeiro, tamb\u00e9m est\u00e1 sendo restaurada.<\/p>\n<p>De acordo com os profissionais da Secretaria de Obras que est\u00e3o atuando no servi\u00e7o, houve uma pausa na m\u00e3o-de-obra , pois os oper\u00e1rios foram transferidos para realizar uma reforma nas instala\u00e7\u00f5es do Hospital Wilkinson de Souza Meirelles e segundo um dos encarregados da restaura\u00e7\u00e3o da Ponte, a previs\u00e3o \u00e9 de que, semana que vem, os trabalhos sejam retomados e conclu\u00eddos.<\/p>\n<p>O trecho ainda vai receber uma nova pintura e a cal\u00e7ada da Av. JK, que j\u00e1 come\u00e7ou a ser reformada, vai ganhar preenchimento de concreto, conforme informou representante da Secretaria de Obras.<br \/>\nAs crian\u00e7as que estudam na escola ap\u00f3s a Ponte j\u00e1 est\u00e3o transitando pelo percurso com maior prote\u00e7\u00e3o e seguran\u00e7a, ap\u00f3s esta reforma&#8230;<\/p>\n<p>Colabora\u00e7\u00e3o: K\u00e1tia- assessoria prefeitura Municipal<\/p>\n","protected":false},"excerpt":{"rendered":"<p>A Ponte sobre o Rio Gl\u00f3ria, do Bairro Pedro Jos\u00e9 de Queiroz est\u00e1 com um novo visual ap\u00f3s reforma realizada pela Prefeitura de Miradouro, atrav\u00e9s da Secretaria de Obras. Um lado do percurso foi ampliado e implantadas grades de ferro nos dois passeios utilizados pelos pedestres, oferecendo assim maior prote\u00e7\u00e3o a todos que por ali [&hellip;]<\/p>\n","protected":false},"author":2,"featured_media":0,"comment_status":"open","ping_status":"open","sticky":false,"template":"","format":"standard","meta":{"footnotes":""},"categories":[1],"tags":[],"class_list":["post-2017","post","type-post","status-publish","format-standard","hentry","category-sem-categoria"],"_links":{"self":[{"href":"http:\/\/paulorobertodaradio.com.br\/site\/index.php?rest_route=\/wp\/v2\/posts\/2017","targetHints":{"allow":["GET"]}}],"collection":[{"href":"http:\/\/paulorobertodaradio.com.br\/site\/index.php?rest_route=\/wp\/v2\/posts"}],"about":[{"href":"http:\/\/paulorobertodaradio.com.br\/site\/index.php?rest_route=\/wp\/v2\/types\/post"}],"author":[{"embeddable":true,"href":"http:\/\/paulorobertodaradio.com.br\/site\/index.php?rest_route=\/wp\/v2\/users\/2"}],"replies":[{"embeddable":true,"href":"http:\/\/paulorobertodaradio.com.br\/site\/index.php?rest_route=%2Fwp%2Fv2%2Fcomments&post=2017"}],"version-history":[{"count":1,"href":"http:\/\/paulorobertodaradio.com.br\/site\/index.php?rest_route=\/wp\/v2\/posts\/2017\/revisions"}],"predecessor-version":[{"id":2019,"href":"http:\/\/paulorobertodaradio.com.br\/site\/index.php?rest_route=\/wp\/v2\/posts\/2017\/revisions\/2019"}],"wp:attachment":[{"href":"http:\/\/paulorobertodaradio.com.br\/site\/index.php?rest_route=%2Fwp%2Fv2%2Fmedia&parent=2017"}],"wp:term":[{"taxonomy":"category","embeddable":true,"href":"http:\/\/paulorobertodaradio.com.br\/site\/index.php?rest_route=%2Fwp%2Fv2%2Fcategories&post=2017"},{"taxonomy":"post_tag","embeddable":true,"href":"http:\/\/paulorobertodaradio.com.br\/site\/index.php?rest_route=%2Fwp%2Fv2%2Ftags&post=2017"}],"curies":[{"name":"wp","href":"https:\/\/api.w.org\/{rel}","templated":true}]}}