{"id":2020,"date":"2014-06-04T13:31:06","date_gmt":"2014-06-04T16:31:06","guid":{"rendered":"http:\/\/paulorobertodaradio.com.br\/site\/?p=2020"},"modified":"2014-06-04T13:32:23","modified_gmt":"2014-06-04T16:32:23","slug":"2020","status":"publish","type":"post","link":"http:\/\/paulorobertodaradio.com.br\/site\/?p=2020","title":{"rendered":"NA COPA: L\u00cdDERES RELIGIOSOS S\u00c3O PROIBIDOS DE ENTRAR NA CONCENTRA\u00c7\u00c3O DA SELE\u00c7\u00c3O BRASILEIRA."},"content":{"rendered":"<p><a href=\"http:\/\/paulorobertodaradio.com.br\/site\/wp-content\/uploads\/2014\/06\/felipao-320x200.jpg\"><img loading=\"lazy\" decoding=\"async\" class=\"size-full wp-image-2021 alignleft\" alt=\"felipao-320x200\" src=\"http:\/\/paulorobertodaradio.com.br\/site\/wp-content\/uploads\/2014\/06\/felipao-320x200.jpg\" width=\"320\" height=\"200\" srcset=\"http:\/\/paulorobertodaradio.com.br\/site\/wp-content\/uploads\/2014\/06\/felipao-320x200.jpg 320w, http:\/\/paulorobertodaradio.com.br\/site\/wp-content\/uploads\/2014\/06\/felipao-320x200-300x187.jpg 300w\" sizes=\"auto, (max-width: 320px) 100vw, 320px\" \/><\/a>O t\u00e9cnico Luiz Felipe Scolari proibiu os cultos na concentra\u00e7\u00e3o que est\u00e1 acontecendo na Granja Comary, Teres\u00f3polis (RJ), impedindo at\u00e9 mesmo l\u00edderes religiosos que estiveram presentes nas \u00faltimas copas.<br \/>\nNem mesmo o padre Pedro Bauer, amigo pessoal de Felip\u00e3o, teve autoriza\u00e7\u00e3o para chegar perto da sele\u00e7\u00e3o brasileira. O padre tem tentado contato com o t\u00e9cnico, mas nem mesmo pelo telefone est\u00e1 conseguindo se comunicar.<br \/>\n\u201cEu vejo o Felip\u00e3o blindado. Acho que o telefone dele est\u00e1 bloqueado pela CBF depois que teve aquela piada envolvendo o presidente do Atl\u00e9tico de Madri. Eu n\u00e3o consigo mais falar com ele, n\u00e3o sei se trocou de telefone. Mas eu respeito a posi\u00e7\u00e3o dele de preservar e n\u00e3o me meto muito. Continuo orando de longe para que tudo d\u00ea certo\u201d, disse o cat\u00f3lico.<br \/>\nO padre Bauer j\u00e1 foi \u00e0 concentra\u00e7\u00e3o do Palmeiras em 2011 quando Felip\u00e3o era t\u00e9cnico do time e em 2002 chegou a participar da prepara\u00e7\u00e3o da Copa no jogo contra o Paraguai que aconteceu no est\u00e1dio Ol\u00edmpico.<br \/>\nOutro l\u00edder religioso que n\u00e3o teve acesso aos jogadores este ano \u00e9 o pastor Anselmo Alves que esteve ao lado da sele\u00e7\u00e3o brasileira nas Copas de 2002, 2006 e 2010.<br \/>\nEle resolveu se hospedar por conta pr\u00f3pria em uma pousada em Teres\u00f3polis, mas n\u00e3o conseguiu chegar at\u00e9 os jogadores. \u201cN\u00e3o gosto de falar em proibi\u00e7\u00e3o. Apenas respeito as determina\u00e7\u00f5es. As pessoas s\u00f3 devem entrar na folga. Se algu\u00e9m me convidar, estarei l\u00e1. Estou aqui em Teres\u00f3polis para isso, mas at\u00e9 agora ningu\u00e9m falou nada\u201d, disse o pastor.<br \/>\nA proibi\u00e7\u00e3o da entrada de l\u00edderes religiosos n\u00e3o partiu diretamente de Felip\u00e3o, desde que Dunga deixou a sele\u00e7\u00e3o e Mano Menezes assumiu, a quantidade de cultos e momentos de ora\u00e7\u00e3o entre os jogadores diminuiu.<br \/>\nAgora a CBF tem uma posi\u00e7\u00e3o oficial sobre tema, o treinador tem que respeitar todas as religi\u00f5es, mas cultos na concentra\u00e7\u00e3o n\u00e3o est\u00e3o permitidos e nem se pode privilegiar uma manifesta\u00e7\u00e3o de f\u00e9 dentro dos espa\u00e7os de treinamento dos jogadores. Com informa\u00e7\u00f5es UOL.<\/p>\n<p><strong>OPINI\u00c3O:<\/strong><\/p>\n<p><strong>&#8220;VAMOS VER O QUE VAI SER DE UMA SELE\u00c7\u00c3O ONDE O COMANDO NEGA A OPERA\u00c7\u00c3O DA F\u00c9. N\u00c3O TOR\u00c7O POR UMA SELE\u00c7\u00c3O QUE NEGA A MANIFESTA\u00c7\u00c3O DA MINHA F\u00c9. NEM FA\u00c7O QUEST\u00c3O DE ASSISTIR AOS JOGOS, SE EU N\u00c3O TIVER NADA DE PROVEITOSO A FAZER PODE SER QUE EU ASSISTA. \u00a0SOU BRASILEIRO SIM, MAS PRIMEIRAMENTE SOU CRIST\u00c3O. &#8221; <\/strong>Paulo Roberto.<\/p>\n<p>&nbsp;<\/p>\n","protected":false},"excerpt":{"rendered":"<p>O t\u00e9cnico Luiz Felipe Scolari proibiu os cultos na concentra\u00e7\u00e3o que est\u00e1 acontecendo na Granja Comary, Teres\u00f3polis (RJ), impedindo at\u00e9 mesmo l\u00edderes religiosos que estiveram presentes nas \u00faltimas copas. Nem mesmo o padre Pedro Bauer, amigo pessoal de Felip\u00e3o, teve autoriza\u00e7\u00e3o para chegar perto da sele\u00e7\u00e3o brasileira. O padre tem tentado contato com o t\u00e9cnico, [&hellip;]<\/p>\n","protected":false},"author":2,"featured_media":0,"comment_status":"open","ping_status":"open","sticky":false,"template":"","format":"standard","meta":{"footnotes":""},"categories":[1],"tags":[],"class_list":["post-2020","post","type-post","status-publish","format-standard","hentry","category-sem-categoria"],"_links":{"self":[{"href":"http:\/\/paulorobertodaradio.com.br\/site\/index.php?rest_route=\/wp\/v2\/posts\/2020","targetHints":{"allow":["GET"]}}],"collection":[{"href":"http:\/\/paulorobertodaradio.com.br\/site\/index.php?rest_route=\/wp\/v2\/posts"}],"about":[{"href":"http:\/\/paulorobertodaradio.com.br\/site\/index.php?rest_route=\/wp\/v2\/types\/post"}],"author":[{"embeddable":true,"href":"http:\/\/paulorobertodaradio.com.br\/site\/index.php?rest_route=\/wp\/v2\/users\/2"}],"replies":[{"embeddable":true,"href":"http:\/\/paulorobertodaradio.com.br\/site\/index.php?rest_route=%2Fwp%2Fv2%2Fcomments&post=2020"}],"version-history":[{"count":3,"href":"http:\/\/paulorobertodaradio.com.br\/site\/index.php?rest_route=\/wp\/v2\/posts\/2020\/revisions"}],"predecessor-version":[{"id":2023,"href":"http:\/\/paulorobertodaradio.com.br\/site\/index.php?rest_route=\/wp\/v2\/posts\/2020\/revisions\/2023"}],"wp:attachment":[{"href":"http:\/\/paulorobertodaradio.com.br\/site\/index.php?rest_route=%2Fwp%2Fv2%2Fmedia&parent=2020"}],"wp:term":[{"taxonomy":"category","embeddable":true,"href":"http:\/\/paulorobertodaradio.com.br\/site\/index.php?rest_route=%2Fwp%2Fv2%2Fcategories&post=2020"},{"taxonomy":"post_tag","embeddable":true,"href":"http:\/\/paulorobertodaradio.com.br\/site\/index.php?rest_route=%2Fwp%2Fv2%2Ftags&post=2020"}],"curies":[{"name":"wp","href":"https:\/\/api.w.org\/{rel}","templated":true}]}}