{"id":2033,"date":"2014-06-04T14:00:24","date_gmt":"2014-06-04T17:00:24","guid":{"rendered":"http:\/\/paulorobertodaradio.com.br\/site\/?p=2033"},"modified":"2014-06-04T14:01:49","modified_gmt":"2014-06-04T17:01:49","slug":"em-miradouro-show-da-fe-igreja-internacional-da-graca-de-deus-realiza-cultos","status":"publish","type":"post","link":"http:\/\/paulorobertodaradio.com.br\/site\/?p=2033","title":{"rendered":"EM MIRADOURO: SHOW DA F\u00c9!! IGREJA INTERNACIONAL DA GRA\u00c7A DE DEUS REALIZA CULTOS"},"content":{"rendered":"<p><a href=\"http:\/\/paulorobertodaradio.com.br\/site\/wp-content\/uploads\/2014\/06\/CULTOSMIRADOURO01.jpg\"><img loading=\"lazy\" decoding=\"async\" class=\"aligncenter size-full wp-image-2034\" alt=\"CULTOSMIRADOURO01\" src=\"http:\/\/paulorobertodaradio.com.br\/site\/wp-content\/uploads\/2014\/06\/CULTOSMIRADOURO01.jpg\" width=\"960\" height=\"720\" srcset=\"http:\/\/paulorobertodaradio.com.br\/site\/wp-content\/uploads\/2014\/06\/CULTOSMIRADOURO01.jpg 960w, http:\/\/paulorobertodaradio.com.br\/site\/wp-content\/uploads\/2014\/06\/CULTOSMIRADOURO01-300x225.jpg 300w, http:\/\/paulorobertodaradio.com.br\/site\/wp-content\/uploads\/2014\/06\/CULTOSMIRADOURO01-624x468.jpg 624w\" sizes=\"auto, (max-width: 960px) 100vw, 960px\" \/><\/a><\/p>\n<p>&nbsp;<\/p>\n<p>Terminou na \u00faltima quinta feira a campanha manto da Justi\u00e7a, onde aproximadamente 40 pessoas num to de f\u00e9 participaram das reuni\u00f5es. Alguns s\u00e3o vizinhos, outros saem de suas casas de lugares distantes como o distrito de Santa Barbara.<\/p>\n<p>&#8220;Tem 15 dias que eu estive aqui, estava sentindo muitas dores, eu anteriormente fui internada \u00a0nos hospitais de Muria\u00e9 e Ub\u00e1, melhorei mais as dores prosseguiam, quando cheguei aqui na primeira vez, ap\u00f3s a ora\u00e7\u00e3o da f\u00e9 as dores sumiram, eu estou \u00f3tima, e firme na f\u00e9 com Jesus!&#8221; Disse dona Palmira uma senhora de mais de 70 anos.<\/p>\n<p>Pessoas inclusive da Zona rural de Monte Alverne \u00a0tem subido o morro e comparecido as reuni\u00f5es. O Pastor Carlos Michel agradece a todos , e convida voc\u00ea pra participar da nova campanha que come\u00e7a nesta Quinta Feira dia 05 de Junho, a partir das 19:30 horas em cima da r\u00e1dio Miradouro, no bairro Caixa d\u00e1gua.<\/p>\n<p><a href=\"http:\/\/paulorobertodaradio.com.br\/site\/wp-content\/uploads\/2014\/06\/CULTOSMIRADOURO02.jpg\"><img loading=\"lazy\" decoding=\"async\" class=\"aligncenter size-full wp-image-2035\" alt=\"CULTOSMIRADOURO02\" src=\"http:\/\/paulorobertodaradio.com.br\/site\/wp-content\/uploads\/2014\/06\/CULTOSMIRADOURO02.jpg\" width=\"960\" height=\"720\" srcset=\"http:\/\/paulorobertodaradio.com.br\/site\/wp-content\/uploads\/2014\/06\/CULTOSMIRADOURO02.jpg 960w, http:\/\/paulorobertodaradio.com.br\/site\/wp-content\/uploads\/2014\/06\/CULTOSMIRADOURO02-300x225.jpg 300w, http:\/\/paulorobertodaradio.com.br\/site\/wp-content\/uploads\/2014\/06\/CULTOSMIRADOURO02-624x468.jpg 624w\" sizes=\"auto, (max-width: 960px) 100vw, 960px\" \/><\/a><a href=\"http:\/\/paulorobertodaradio.com.br\/site\/wp-content\/uploads\/2014\/06\/CULTOSMIRADOURO03.jpg\"><img loading=\"lazy\" decoding=\"async\" class=\"aligncenter size-full wp-image-2036\" alt=\"CULTOSMIRADOURO03\" src=\"http:\/\/paulorobertodaradio.com.br\/site\/wp-content\/uploads\/2014\/06\/CULTOSMIRADOURO03.jpg\" width=\"960\" height=\"720\" srcset=\"http:\/\/paulorobertodaradio.com.br\/site\/wp-content\/uploads\/2014\/06\/CULTOSMIRADOURO03.jpg 960w, http:\/\/paulorobertodaradio.com.br\/site\/wp-content\/uploads\/2014\/06\/CULTOSMIRADOURO03-300x225.jpg 300w, http:\/\/paulorobertodaradio.com.br\/site\/wp-content\/uploads\/2014\/06\/CULTOSMIRADOURO03-624x468.jpg 624w\" sizes=\"auto, (max-width: 960px) 100vw, 960px\" \/><\/a> <a href=\"http:\/\/paulorobertodaradio.com.br\/site\/wp-content\/uploads\/2014\/06\/CULTOSMIRADOURO04.jpg\"><img loading=\"lazy\" decoding=\"async\" class=\"aligncenter size-full wp-image-2037\" alt=\"CULTOSMIRADOURO04\" src=\"http:\/\/paulorobertodaradio.com.br\/site\/wp-content\/uploads\/2014\/06\/CULTOSMIRADOURO04.jpg\" width=\"960\" height=\"720\" srcset=\"http:\/\/paulorobertodaradio.com.br\/site\/wp-content\/uploads\/2014\/06\/CULTOSMIRADOURO04.jpg 960w, http:\/\/paulorobertodaradio.com.br\/site\/wp-content\/uploads\/2014\/06\/CULTOSMIRADOURO04-300x225.jpg 300w, http:\/\/paulorobertodaradio.com.br\/site\/wp-content\/uploads\/2014\/06\/CULTOSMIRADOURO04-624x468.jpg 624w\" sizes=\"auto, (max-width: 960px) 100vw, 960px\" \/><\/a> <a href=\"http:\/\/paulorobertodaradio.com.br\/site\/wp-content\/uploads\/2014\/06\/CULTOSMIRADOURO05.jpg\"><img loading=\"lazy\" decoding=\"async\" class=\"aligncenter size-full wp-image-2038\" alt=\"CULTOSMIRADOURO05\" src=\"http:\/\/paulorobertodaradio.com.br\/site\/wp-content\/uploads\/2014\/06\/CULTOSMIRADOURO05.jpg\" width=\"960\" height=\"720\" srcset=\"http:\/\/paulorobertodaradio.com.br\/site\/wp-content\/uploads\/2014\/06\/CULTOSMIRADOURO05.jpg 960w, http:\/\/paulorobertodaradio.com.br\/site\/wp-content\/uploads\/2014\/06\/CULTOSMIRADOURO05-300x225.jpg 300w, http:\/\/paulorobertodaradio.com.br\/site\/wp-content\/uploads\/2014\/06\/CULTOSMIRADOURO05-624x468.jpg 624w\" sizes=\"auto, (max-width: 960px) 100vw, 960px\" \/><\/a> <a href=\"http:\/\/paulorobertodaradio.com.br\/site\/wp-content\/uploads\/2014\/06\/CULTOSMIRADOURO06.jpg\"><img loading=\"lazy\" decoding=\"async\" class=\"aligncenter size-full wp-image-2039\" alt=\"CULTOSMIRADOURO06\" src=\"http:\/\/paulorobertodaradio.com.br\/site\/wp-content\/uploads\/2014\/06\/CULTOSMIRADOURO06.jpg\" width=\"960\" height=\"720\" srcset=\"http:\/\/paulorobertodaradio.com.br\/site\/wp-content\/uploads\/2014\/06\/CULTOSMIRADOURO06.jpg 960w, http:\/\/paulorobertodaradio.com.br\/site\/wp-content\/uploads\/2014\/06\/CULTOSMIRADOURO06-300x225.jpg 300w, http:\/\/paulorobertodaradio.com.br\/site\/wp-content\/uploads\/2014\/06\/CULTOSMIRADOURO06-624x468.jpg 624w\" sizes=\"auto, (max-width: 960px) 100vw, 960px\" \/><\/a><\/p>\n","protected":false},"excerpt":{"rendered":"<p>&nbsp; Terminou na \u00faltima quinta feira a campanha manto da Justi\u00e7a, onde aproximadamente 40 pessoas num to de f\u00e9 participaram das reuni\u00f5es. Alguns s\u00e3o vizinhos, outros saem de suas casas de lugares distantes como o distrito de Santa Barbara. &#8220;Tem 15 dias que eu estive aqui, estava sentindo muitas dores, eu anteriormente fui internada \u00a0nos [&hellip;]<\/p>\n","protected":false},"author":2,"featured_media":0,"comment_status":"open","ping_status":"open","sticky":false,"template":"","format":"standard","meta":{"footnotes":""},"categories":[1],"tags":[],"class_list":["post-2033","post","type-post","status-publish","format-standard","hentry","category-sem-categoria"],"_links":{"self":[{"href":"http:\/\/paulorobertodaradio.com.br\/site\/index.php?rest_route=\/wp\/v2\/posts\/2033","targetHints":{"allow":["GET"]}}],"collection":[{"href":"http:\/\/paulorobertodaradio.com.br\/site\/index.php?rest_route=\/wp\/v2\/posts"}],"about":[{"href":"http:\/\/paulorobertodaradio.com.br\/site\/index.php?rest_route=\/wp\/v2\/types\/post"}],"author":[{"embeddable":true,"href":"http:\/\/paulorobertodaradio.com.br\/site\/index.php?rest_route=\/wp\/v2\/users\/2"}],"replies":[{"embeddable":true,"href":"http:\/\/paulorobertodaradio.com.br\/site\/index.php?rest_route=%2Fwp%2Fv2%2Fcomments&post=2033"}],"version-history":[{"count":3,"href":"http:\/\/paulorobertodaradio.com.br\/site\/index.php?rest_route=\/wp\/v2\/posts\/2033\/revisions"}],"predecessor-version":[{"id":2041,"href":"http:\/\/paulorobertodaradio.com.br\/site\/index.php?rest_route=\/wp\/v2\/posts\/2033\/revisions\/2041"}],"wp:attachment":[{"href":"http:\/\/paulorobertodaradio.com.br\/site\/index.php?rest_route=%2Fwp%2Fv2%2Fmedia&parent=2033"}],"wp:term":[{"taxonomy":"category","embeddable":true,"href":"http:\/\/paulorobertodaradio.com.br\/site\/index.php?rest_route=%2Fwp%2Fv2%2Fcategories&post=2033"},{"taxonomy":"post_tag","embeddable":true,"href":"http:\/\/paulorobertodaradio.com.br\/site\/index.php?rest_route=%2Fwp%2Fv2%2Ftags&post=2033"}],"curies":[{"name":"wp","href":"https:\/\/api.w.org\/{rel}","templated":true}]}}