{"id":2043,"date":"2014-06-05T12:32:31","date_gmt":"2014-06-05T15:32:31","guid":{"rendered":"http:\/\/paulorobertodaradio.com.br\/site\/?p=2043"},"modified":"2014-06-05T12:32:31","modified_gmt":"2014-06-05T15:32:31","slug":"no-brasil-senado-aprova-fim-de-revista-manuel-a-visitantes-em-presidios","status":"publish","type":"post","link":"http:\/\/paulorobertodaradio.com.br\/site\/?p=2043","title":{"rendered":"NO BRASIL: SENADO APROVA FIM DE REVISTA MANUEL A VISITANTES EM PRES\u00cdDIOS"},"content":{"rendered":"<p><span style=\"line-height: 1.714285714; font-size: 1rem;\"><a href=\"http:\/\/paulorobertodaradio.com.br\/site\/wp-content\/uploads\/2014\/06\/REVISTA-INTIMA.jpg\"><img loading=\"lazy\" decoding=\"async\" class=\"size-full wp-image-2044 alignleft\" alt=\"REVISTA INTIMA\" src=\"http:\/\/paulorobertodaradio.com.br\/site\/wp-content\/uploads\/2014\/06\/REVISTA-INTIMA.jpg\" width=\"280\" height=\"180\" \/><\/a>Projeto da senadora Ana Rita (PT-ES), aprovado na CCJ, pro\u00edbe qualquer forma de desnudamento, tratamento desumano ou degradante a visitantes de presos ou prestadores de servi\u00e7os; texto segue agora para a C\u00e2mara.<\/span><\/p>\n<p>A Comiss\u00e3o de Constitui\u00e7\u00e3o e Justi\u00e7a (CCJ) do Senado aprovou, nesta quarta-feira (4), em decis\u00e3o terminativa, projeto de lei que estabelece que a revista manual a visitantes de presos poder\u00e1 passar a ser exce\u00e7\u00e3o, e n\u00e3o regra, nos estabelecimentos carcer\u00e1rios. Se n\u00e3o houver recurso, o projeto segue agora diretamente para vota\u00e7\u00e3o na C\u00e2mara dos Deputados.<\/p>\n<p>O projeto de lei (PLS 480\/2013), apresentado pela senadora Ana Rita (PT-ES), prop\u00f5e a altera\u00e7\u00e3o na Lei de Execu\u00e7\u00f5es Penais (7.210\/84) para que a revista manual s\u00f3 seja poss\u00edvel caso o estado de sa\u00fade do visitante o impe\u00e7a de passar por equipamentos de revista eletr\u00f4nica ou se, conclu\u00eddo o procedimento, persistir a suspeita de porte de objetos, produtos ou subst\u00e2ncias com entrada proibida.<\/p>\n<p>O PLS prev\u00ea ainda que, caso persista a suspeita de irregularidade ap\u00f3s a revista eletr\u00f4nica ou manual, a visita dever\u00e1 acontecer em local do pres\u00eddio onde n\u00e3o haja contato f\u00edsico entre o preso e o visitante. A medida tamb\u00e9m dever\u00e1 ser aplicada quando o visitante se recusar a passar pela revista manual.<\/p>\n<p>Outra preocupa\u00e7\u00e3o da proposta foi estabelecer que a revista pessoal de todas as pessoas que entrarem no pres\u00eddio, sejam visitantes ou prestadores de servi\u00e7o, dever\u00e1 ser feita com respeito \u00e0 dignidade humana. Desta forma, pro\u00edbe qualquer forma de desnudamento, tratamento desumano ou degradante.<\/p>\n<p>Em sua justificativa, Ana Rita disse que, n\u00e3o obstante as garantias individuais trazidas pela Constitui\u00e7\u00e3o, persiste o desrespeito ao visitante em pres\u00eddios. O relator, senador Humberto Costa (PT-PE), recomendou a aprova\u00e7\u00e3o da proposta.<\/p>\n<p>Segundo ele, devido \u00e0 falta de regulamenta\u00e7\u00e3o em \u00e2mbito nacional, a revista pessoal tem gerado procedimentos diversos, muitos dos quais, al\u00e9m de ineficazes para coibir a entrada de objetos ilegais, tamb\u00e9m t\u00eam gerado humilha\u00e7\u00e3o para os visitantes. \u201cA proposta garante dignidade e integridade f\u00edsica e moral dos amigos dos apenados e a seguran\u00e7a dos estabelecimentos penais\u201d disse o relator, ap\u00f3s a aprova\u00e7\u00e3o.<\/p>\n<p>O projeto, aprovado pela CCJ (Comiss\u00e3o de Constitui\u00e7\u00e3o e Justi\u00e7a) do Senado, segue, , diretamente para vota\u00e7\u00e3o na C\u00e2mara.<\/p>\n","protected":false},"excerpt":{"rendered":"<p>Projeto da senadora Ana Rita (PT-ES), aprovado na CCJ, pro\u00edbe qualquer forma de desnudamento, tratamento desumano ou degradante a visitantes de presos ou prestadores de servi\u00e7os; texto segue agora para a C\u00e2mara. A Comiss\u00e3o de Constitui\u00e7\u00e3o e Justi\u00e7a (CCJ) do Senado aprovou, nesta quarta-feira (4), em decis\u00e3o terminativa, projeto de lei que estabelece que a [&hellip;]<\/p>\n","protected":false},"author":2,"featured_media":0,"comment_status":"open","ping_status":"open","sticky":false,"template":"","format":"standard","meta":{"footnotes":""},"categories":[1],"tags":[],"class_list":["post-2043","post","type-post","status-publish","format-standard","hentry","category-sem-categoria"],"_links":{"self":[{"href":"http:\/\/paulorobertodaradio.com.br\/site\/index.php?rest_route=\/wp\/v2\/posts\/2043","targetHints":{"allow":["GET"]}}],"collection":[{"href":"http:\/\/paulorobertodaradio.com.br\/site\/index.php?rest_route=\/wp\/v2\/posts"}],"about":[{"href":"http:\/\/paulorobertodaradio.com.br\/site\/index.php?rest_route=\/wp\/v2\/types\/post"}],"author":[{"embeddable":true,"href":"http:\/\/paulorobertodaradio.com.br\/site\/index.php?rest_route=\/wp\/v2\/users\/2"}],"replies":[{"embeddable":true,"href":"http:\/\/paulorobertodaradio.com.br\/site\/index.php?rest_route=%2Fwp%2Fv2%2Fcomments&post=2043"}],"version-history":[{"count":1,"href":"http:\/\/paulorobertodaradio.com.br\/site\/index.php?rest_route=\/wp\/v2\/posts\/2043\/revisions"}],"predecessor-version":[{"id":2045,"href":"http:\/\/paulorobertodaradio.com.br\/site\/index.php?rest_route=\/wp\/v2\/posts\/2043\/revisions\/2045"}],"wp:attachment":[{"href":"http:\/\/paulorobertodaradio.com.br\/site\/index.php?rest_route=%2Fwp%2Fv2%2Fmedia&parent=2043"}],"wp:term":[{"taxonomy":"category","embeddable":true,"href":"http:\/\/paulorobertodaradio.com.br\/site\/index.php?rest_route=%2Fwp%2Fv2%2Fcategories&post=2043"},{"taxonomy":"post_tag","embeddable":true,"href":"http:\/\/paulorobertodaradio.com.br\/site\/index.php?rest_route=%2Fwp%2Fv2%2Ftags&post=2043"}],"curies":[{"name":"wp","href":"https:\/\/api.w.org\/{rel}","templated":true}]}}