{"id":2046,"date":"2014-06-05T12:39:00","date_gmt":"2014-06-05T15:39:00","guid":{"rendered":"http:\/\/paulorobertodaradio.com.br\/site\/?p=2046"},"modified":"2014-06-05T12:39:00","modified_gmt":"2014-06-05T15:39:00","slug":"em-silveira-carvalho-populacao-esta-preocupada","status":"publish","type":"post","link":"http:\/\/paulorobertodaradio.com.br\/site\/?p=2046","title":{"rendered":"EM SILVEIRA CARVALHO: POPULA\u00c7\u00c3O EST\u00c1 PREOCUPADA."},"content":{"rendered":"<p><span style=\"line-height: 1.714285714; font-size: 1rem;\"><a href=\"http:\/\/paulorobertodaradio.com.br\/site\/wp-content\/uploads\/2014\/06\/silveia22_620x465.jpg\"><img loading=\"lazy\" decoding=\"async\" class=\"aligncenter size-full wp-image-2047\" alt=\"silveia22_620x465\" src=\"http:\/\/paulorobertodaradio.com.br\/site\/wp-content\/uploads\/2014\/06\/silveia22_620x465.jpg\" width=\"620\" height=\"465\" srcset=\"http:\/\/paulorobertodaradio.com.br\/site\/wp-content\/uploads\/2014\/06\/silveia22_620x465.jpg 620w, http:\/\/paulorobertodaradio.com.br\/site\/wp-content\/uploads\/2014\/06\/silveia22_620x465-300x225.jpg 300w\" sizes=\"auto, (max-width: 620px) 100vw, 620px\" \/><\/a>Moradores do distrito de Silveira Carvalho, em Bar\u00e3o do Monte Alto, relatam que est\u00e3o preocupados com um poss\u00edvel fechamento da escola municipal, posto de sa\u00fade e Correios daquela localidade, uma vez que um projeto que tramitava na C\u00e2mara Municipal poderia influenciar nesse sentido. \u201cSou moradora de Silveira Carvalho,estou mandando umas fotos do debate que aconteceu hoje, dia 04 de junho, na Escola Municipal Capit\u00e3o Evaristo sobre a aprova\u00e7\u00e3o de um projeto na C\u00e2mara de Vereadores que, daria um aumento aos funcion\u00e1rios, mas isso implicaria mandar os contratados embora e assim, correria o risco de fechar a escola de 6\u00ba ao 9\u00ba ano, sendo que a maioria de professores s\u00e3o contratados. Mas num debate aberto com o povo, o prefeito Biju ouviu a todos e entraram num consenso de voltar \u00e0 C\u00e2mara de Vereadores e tentar vetar\u201d.<\/span><\/p>\n<p>Nossa reportagem est\u00e1 a disposi\u00e7\u00e3o da C\u00e2mara Municipal de Bar\u00e3o do Monte Alto, caso queira enviar uma Nota Oficial sobre o assunto.<a href=\"http:\/\/paulorobertodaradio.com.br\/site\/wp-content\/uploads\/2014\/06\/silveira_620x465.jpg\"><img loading=\"lazy\" decoding=\"async\" class=\"aligncenter size-full wp-image-2048\" alt=\"silveira_620x465\" src=\"http:\/\/paulorobertodaradio.com.br\/site\/wp-content\/uploads\/2014\/06\/silveira_620x465.jpg\" width=\"620\" height=\"465\" srcset=\"http:\/\/paulorobertodaradio.com.br\/site\/wp-content\/uploads\/2014\/06\/silveira_620x465.jpg 620w, http:\/\/paulorobertodaradio.com.br\/site\/wp-content\/uploads\/2014\/06\/silveira_620x465-300x225.jpg 300w\" sizes=\"auto, (max-width: 620px) 100vw, 620px\" \/><\/a><a href=\"http:\/\/paulorobertodaradio.com.br\/site\/wp-content\/uploads\/2014\/06\/silv2_620x465.jpg\"><img loading=\"lazy\" decoding=\"async\" class=\"aligncenter size-full wp-image-2049\" alt=\"silv2_620x465\" src=\"http:\/\/paulorobertodaradio.com.br\/site\/wp-content\/uploads\/2014\/06\/silv2_620x465.jpg\" width=\"620\" height=\"465\" srcset=\"http:\/\/paulorobertodaradio.com.br\/site\/wp-content\/uploads\/2014\/06\/silv2_620x465.jpg 620w, http:\/\/paulorobertodaradio.com.br\/site\/wp-content\/uploads\/2014\/06\/silv2_620x465-300x225.jpg 300w\" sizes=\"auto, (max-width: 620px) 100vw, 620px\" \/><\/a><\/p>\n<p>&nbsp;<\/p>\n","protected":false},"excerpt":{"rendered":"<p>Moradores do distrito de Silveira Carvalho, em Bar\u00e3o do Monte Alto, relatam que est\u00e3o preocupados com um poss\u00edvel fechamento da escola municipal, posto de sa\u00fade e Correios daquela localidade, uma vez que um projeto que tramitava na C\u00e2mara Municipal poderia influenciar nesse sentido. \u201cSou moradora de Silveira Carvalho,estou mandando umas fotos do debate que aconteceu [&hellip;]<\/p>\n","protected":false},"author":2,"featured_media":0,"comment_status":"open","ping_status":"open","sticky":false,"template":"","format":"standard","meta":{"footnotes":""},"categories":[1],"tags":[],"class_list":["post-2046","post","type-post","status-publish","format-standard","hentry","category-sem-categoria"],"_links":{"self":[{"href":"http:\/\/paulorobertodaradio.com.br\/site\/index.php?rest_route=\/wp\/v2\/posts\/2046","targetHints":{"allow":["GET"]}}],"collection":[{"href":"http:\/\/paulorobertodaradio.com.br\/site\/index.php?rest_route=\/wp\/v2\/posts"}],"about":[{"href":"http:\/\/paulorobertodaradio.com.br\/site\/index.php?rest_route=\/wp\/v2\/types\/post"}],"author":[{"embeddable":true,"href":"http:\/\/paulorobertodaradio.com.br\/site\/index.php?rest_route=\/wp\/v2\/users\/2"}],"replies":[{"embeddable":true,"href":"http:\/\/paulorobertodaradio.com.br\/site\/index.php?rest_route=%2Fwp%2Fv2%2Fcomments&post=2046"}],"version-history":[{"count":2,"href":"http:\/\/paulorobertodaradio.com.br\/site\/index.php?rest_route=\/wp\/v2\/posts\/2046\/revisions"}],"predecessor-version":[{"id":2051,"href":"http:\/\/paulorobertodaradio.com.br\/site\/index.php?rest_route=\/wp\/v2\/posts\/2046\/revisions\/2051"}],"wp:attachment":[{"href":"http:\/\/paulorobertodaradio.com.br\/site\/index.php?rest_route=%2Fwp%2Fv2%2Fmedia&parent=2046"}],"wp:term":[{"taxonomy":"category","embeddable":true,"href":"http:\/\/paulorobertodaradio.com.br\/site\/index.php?rest_route=%2Fwp%2Fv2%2Fcategories&post=2046"},{"taxonomy":"post_tag","embeddable":true,"href":"http:\/\/paulorobertodaradio.com.br\/site\/index.php?rest_route=%2Fwp%2Fv2%2Ftags&post=2046"}],"curies":[{"name":"wp","href":"https:\/\/api.w.org\/{rel}","templated":true}]}}