{"id":2057,"date":"2014-06-05T12:47:21","date_gmt":"2014-06-05T15:47:21","guid":{"rendered":"http:\/\/paulorobertodaradio.com.br\/site\/?p=2057"},"modified":"2014-06-05T12:47:21","modified_gmt":"2014-06-05T15:47:21","slug":"em-muriae-nacional-ja-tem-novo-tecnico","status":"publish","type":"post","link":"http:\/\/paulorobertodaradio.com.br\/site\/?p=2057","title":{"rendered":"EM MURIA\u00c9: NACIONAL J\u00c1 TEM NOVO T\u00c9CNICO"},"content":{"rendered":"<p><a href=\"http:\/\/paulorobertodaradio.com.br\/site\/wp-content\/uploads\/2014\/06\/nac-novo-tec.jpg\"><img loading=\"lazy\" decoding=\"async\" class=\"aligncenter size-full wp-image-2058\" alt=\"nac novo tec\" src=\"http:\/\/paulorobertodaradio.com.br\/site\/wp-content\/uploads\/2014\/06\/nac-novo-tec.jpg\" width=\"450\" height=\"299\" srcset=\"http:\/\/paulorobertodaradio.com.br\/site\/wp-content\/uploads\/2014\/06\/nac-novo-tec.jpg 450w, http:\/\/paulorobertodaradio.com.br\/site\/wp-content\/uploads\/2014\/06\/nac-novo-tec-300x199.jpg 300w\" sizes=\"auto, (max-width: 450px) 100vw, 450px\" \/><\/a><\/p>\n<p style=\"text-align: center;\"><strong><em>Pereira (no meio), entre seu procurador e o diretor Adelmo<\/em><\/strong><\/p>\n<p style=\"text-align: left;\">O Nacional Atl\u00e9tico Clube j\u00e1 est\u00e1 de t\u00e9cnico novo, para as disputas do segundo semestre. O ex-goleiro, Pereira, que defendeu grandes clubes em Minas j\u00e1 esteve no est\u00e1dio, no \u00faltimo s\u00e1bado (31), onde acompanhou junto com a diretoria, a partida entre Am\u00e9rica X N\u00e1utico.<br \/>\nO novo t\u00e9cnico gostou muito da estrutura do Centro de treinamento e do est\u00e1dio, e espera realizar um bom trabalho em Muria\u00e9. A diretoria do Nac j\u00e1 se movimenta para fazer contrata\u00e7\u00f5es visando a prepara\u00e7\u00e3o que vai iniciar ap\u00f3s a copa.<\/p>\n<p style=\"text-align: left;\">Colabora\u00e7\u00e3o: interligadoonline.com.br<\/p>\n","protected":false},"excerpt":{"rendered":"<p>Pereira (no meio), entre seu procurador e o diretor Adelmo O Nacional Atl\u00e9tico Clube j\u00e1 est\u00e1 de t\u00e9cnico novo, para as disputas do segundo semestre. O ex-goleiro, Pereira, que defendeu grandes clubes em Minas j\u00e1 esteve no est\u00e1dio, no \u00faltimo s\u00e1bado (31), onde acompanhou junto com a diretoria, a partida entre Am\u00e9rica X N\u00e1utico. O [&hellip;]<\/p>\n","protected":false},"author":2,"featured_media":0,"comment_status":"open","ping_status":"open","sticky":false,"template":"","format":"standard","meta":{"footnotes":""},"categories":[1],"tags":[],"class_list":["post-2057","post","type-post","status-publish","format-standard","hentry","category-sem-categoria"],"_links":{"self":[{"href":"http:\/\/paulorobertodaradio.com.br\/site\/index.php?rest_route=\/wp\/v2\/posts\/2057","targetHints":{"allow":["GET"]}}],"collection":[{"href":"http:\/\/paulorobertodaradio.com.br\/site\/index.php?rest_route=\/wp\/v2\/posts"}],"about":[{"href":"http:\/\/paulorobertodaradio.com.br\/site\/index.php?rest_route=\/wp\/v2\/types\/post"}],"author":[{"embeddable":true,"href":"http:\/\/paulorobertodaradio.com.br\/site\/index.php?rest_route=\/wp\/v2\/users\/2"}],"replies":[{"embeddable":true,"href":"http:\/\/paulorobertodaradio.com.br\/site\/index.php?rest_route=%2Fwp%2Fv2%2Fcomments&post=2057"}],"version-history":[{"count":2,"href":"http:\/\/paulorobertodaradio.com.br\/site\/index.php?rest_route=\/wp\/v2\/posts\/2057\/revisions"}],"predecessor-version":[{"id":2060,"href":"http:\/\/paulorobertodaradio.com.br\/site\/index.php?rest_route=\/wp\/v2\/posts\/2057\/revisions\/2060"}],"wp:attachment":[{"href":"http:\/\/paulorobertodaradio.com.br\/site\/index.php?rest_route=%2Fwp%2Fv2%2Fmedia&parent=2057"}],"wp:term":[{"taxonomy":"category","embeddable":true,"href":"http:\/\/paulorobertodaradio.com.br\/site\/index.php?rest_route=%2Fwp%2Fv2%2Fcategories&post=2057"},{"taxonomy":"post_tag","embeddable":true,"href":"http:\/\/paulorobertodaradio.com.br\/site\/index.php?rest_route=%2Fwp%2Fv2%2Ftags&post=2057"}],"curies":[{"name":"wp","href":"https:\/\/api.w.org\/{rel}","templated":true}]}}