{"id":2061,"date":"2014-06-05T12:57:14","date_gmt":"2014-06-05T15:57:14","guid":{"rendered":"http:\/\/paulorobertodaradio.com.br\/site\/?p=2061"},"modified":"2014-06-05T12:57:14","modified_gmt":"2014-06-05T15:57:14","slug":"no-brasil-voz-do-brasil-que-derruba-a-audiencia-do-radio-e-flexivel-durante-a-copa","status":"publish","type":"post","link":"http:\/\/paulorobertodaradio.com.br\/site\/?p=2061","title":{"rendered":"NO BRASIL: VOZ DO BRASIL QUE DERRUBA A AUDI\u00caNCIA DO R\u00c1DIO \u00c9 FLEX\u00cdVEL DURANTE A COPA"},"content":{"rendered":"<p><a href=\"http:\/\/paulorobertodaradio.com.br\/site\/wp-content\/uploads\/2014\/06\/MICROFONE.jpg\"><img loading=\"lazy\" decoding=\"async\" class=\"aligncenter size-full wp-image-2062\" alt=\"MICROFONE\" src=\"http:\/\/paulorobertodaradio.com.br\/site\/wp-content\/uploads\/2014\/06\/MICROFONE.jpg\" width=\"284\" height=\"177\" \/><\/a>Presidente Dilma Rousseff autoriza emissoras de r\u00e1dio do pa\u00eds a retransmitirem o programa A Voz do Brasil em hor\u00e1rio alternativo durante o per\u00edodo da Copa do Mundo.<\/p>\n<p>Com isso, as r\u00e1dios brasileiras poder\u00e3o optar pela transmiss\u00e3o entre \u00e0s sete da noite e \u00e0s dez da noite.<\/p>\n<p>No ar desde 1935, A Voz do Brasil tem uma hora de dura\u00e7\u00e3o com informa\u00e7\u00f5es do Executivo, Legislativo e Judici\u00e1rio e \u00e9 obrigatoriamente transmitido \u00e0s sete da noite.<\/p>\n<p>At\u00e9 ent\u00e3o, a lei que regulamenta a veicula\u00e7\u00e3o do notici\u00e1rio oficial, editada em 1962, n\u00e3o previa mudan\u00e7as no hor\u00e1rio de retransmiss\u00e3o.<\/p>\n<p>As \u00fanicas exce\u00e7\u00f5es previstas pela legisla\u00e7\u00e3o eram em rela\u00e7\u00e3o a s\u00e1bados, domingos e feriados, dias em que as emissoras de r\u00e1dio n\u00e3o s\u00e3o obrigadas a veicular o programa.<\/p>\n<p>Fonte: agencia radio2<\/p>\n","protected":false},"excerpt":{"rendered":"<p>Presidente Dilma Rousseff autoriza emissoras de r\u00e1dio do pa\u00eds a retransmitirem o programa A Voz do Brasil em hor\u00e1rio alternativo durante o per\u00edodo da Copa do Mundo. Com isso, as r\u00e1dios brasileiras poder\u00e3o optar pela transmiss\u00e3o entre \u00e0s sete da noite e \u00e0s dez da noite. No ar desde 1935, A Voz do Brasil tem [&hellip;]<\/p>\n","protected":false},"author":2,"featured_media":0,"comment_status":"open","ping_status":"open","sticky":false,"template":"","format":"standard","meta":{"footnotes":""},"categories":[1],"tags":[],"class_list":["post-2061","post","type-post","status-publish","format-standard","hentry","category-sem-categoria"],"_links":{"self":[{"href":"http:\/\/paulorobertodaradio.com.br\/site\/index.php?rest_route=\/wp\/v2\/posts\/2061","targetHints":{"allow":["GET"]}}],"collection":[{"href":"http:\/\/paulorobertodaradio.com.br\/site\/index.php?rest_route=\/wp\/v2\/posts"}],"about":[{"href":"http:\/\/paulorobertodaradio.com.br\/site\/index.php?rest_route=\/wp\/v2\/types\/post"}],"author":[{"embeddable":true,"href":"http:\/\/paulorobertodaradio.com.br\/site\/index.php?rest_route=\/wp\/v2\/users\/2"}],"replies":[{"embeddable":true,"href":"http:\/\/paulorobertodaradio.com.br\/site\/index.php?rest_route=%2Fwp%2Fv2%2Fcomments&post=2061"}],"version-history":[{"count":1,"href":"http:\/\/paulorobertodaradio.com.br\/site\/index.php?rest_route=\/wp\/v2\/posts\/2061\/revisions"}],"predecessor-version":[{"id":2063,"href":"http:\/\/paulorobertodaradio.com.br\/site\/index.php?rest_route=\/wp\/v2\/posts\/2061\/revisions\/2063"}],"wp:attachment":[{"href":"http:\/\/paulorobertodaradio.com.br\/site\/index.php?rest_route=%2Fwp%2Fv2%2Fmedia&parent=2061"}],"wp:term":[{"taxonomy":"category","embeddable":true,"href":"http:\/\/paulorobertodaradio.com.br\/site\/index.php?rest_route=%2Fwp%2Fv2%2Fcategories&post=2061"},{"taxonomy":"post_tag","embeddable":true,"href":"http:\/\/paulorobertodaradio.com.br\/site\/index.php?rest_route=%2Fwp%2Fv2%2Ftags&post=2061"}],"curies":[{"name":"wp","href":"https:\/\/api.w.org\/{rel}","templated":true}]}}