{"id":2064,"date":"2014-06-06T12:08:11","date_gmt":"2014-06-06T15:08:11","guid":{"rendered":"http:\/\/paulorobertodaradio.com.br\/site\/?p=2064"},"modified":"2014-06-06T12:08:11","modified_gmt":"2014-06-06T15:08:11","slug":"em-miradouro-oficina-de-artesanato-no-parque-de-exposicao","status":"publish","type":"post","link":"http:\/\/paulorobertodaradio.com.br\/site\/?p=2064","title":{"rendered":"EM MIRADOURO: OFICINA DE ARTESANATO NO PARQUE DE EXPOSI\u00c7\u00c3O"},"content":{"rendered":"<p><span style=\"line-height: 1.714285714; font-size: 1rem;\"><a href=\"http:\/\/paulorobertodaradio.com.br\/site\/wp-content\/uploads\/2014\/06\/RECICLAGEM.jpg\"><img loading=\"lazy\" decoding=\"async\" class=\"aligncenter size-full wp-image-2065\" alt=\"RECICLAGEM\" src=\"http:\/\/paulorobertodaradio.com.br\/site\/wp-content\/uploads\/2014\/06\/RECICLAGEM.jpg\" width=\"590\" height=\"443\" srcset=\"http:\/\/paulorobertodaradio.com.br\/site\/wp-content\/uploads\/2014\/06\/RECICLAGEM.jpg 590w, http:\/\/paulorobertodaradio.com.br\/site\/wp-content\/uploads\/2014\/06\/RECICLAGEM-300x225.jpg 300w\" sizes=\"auto, (max-width: 590px) 100vw, 590px\" \/><\/a>O CRAS-(Centro de Refer\u00eancia em Assist\u00eancia Social) de Miradouro, \u00f3rg\u00e3o vinculado \u00e0 Prefeitura Municipal atrav\u00e9s da Secretaria de Assist\u00eancia Social, iniciou nesta segunda-feira, 2 de junho, em parceria com a equipe de Epidemiologia da Secretaria Municipal de Sa\u00fade, um Projeto que disponibiliza Oficina de Artesanato em Reciclagem gratuita \u00e0 popula\u00e7\u00e3o.<\/span><\/p>\n<p>Cerca de 40 alunos j\u00e1 est\u00e3o inscritos na atividade que est\u00e1 acontecendo todas as segundas, ter\u00e7as e quartas-feiras, com turmas de manh\u00e3 e \u00e0 tarde, no Parque de Exposi\u00e7\u00f5es Amaro Acelino de Andrade e tem como respons\u00e1vel a Orientadora Social Cristina.<\/p>\n<p>A carga hor\u00e1ria total do curso est\u00e1 sendo definida pelos idealizadores da a\u00e7\u00e3o, conforme afirmou Francinelle Leite, coordenadora do CRAS. Os alunos est\u00e3o aprendendo a transformar em arte, materiais recicl\u00e1veis como garrafas pet, pneus e outros.<\/p>\n<p>Qualquer pessoa que se interessar pode se inscrever no curso, ainda h\u00e1 vagas dispon\u00edveis, basta procurar a unidade do CRAS que funciona no Bairro \u201cdo Jap\u00e3o\u201d. Para mais informa\u00e7\u00f5es o telefone de l\u00e1 \u00e9: (32) 3753-1011.<\/p>\n<p>Fonte: assessoria prefeitura\/ K\u00e1tia<\/p>\n<p>&nbsp;<\/p>\n<p>&nbsp;<\/p>\n","protected":false},"excerpt":{"rendered":"<p>O CRAS-(Centro de Refer\u00eancia em Assist\u00eancia Social) de Miradouro, \u00f3rg\u00e3o vinculado \u00e0 Prefeitura Municipal atrav\u00e9s da Secretaria de Assist\u00eancia Social, iniciou nesta segunda-feira, 2 de junho, em parceria com a equipe de Epidemiologia da Secretaria Municipal de Sa\u00fade, um Projeto que disponibiliza Oficina de Artesanato em Reciclagem gratuita \u00e0 popula\u00e7\u00e3o. Cerca de 40 alunos j\u00e1 [&hellip;]<\/p>\n","protected":false},"author":2,"featured_media":0,"comment_status":"open","ping_status":"open","sticky":false,"template":"","format":"standard","meta":{"footnotes":""},"categories":[1],"tags":[],"class_list":["post-2064","post","type-post","status-publish","format-standard","hentry","category-sem-categoria"],"_links":{"self":[{"href":"http:\/\/paulorobertodaradio.com.br\/site\/index.php?rest_route=\/wp\/v2\/posts\/2064","targetHints":{"allow":["GET"]}}],"collection":[{"href":"http:\/\/paulorobertodaradio.com.br\/site\/index.php?rest_route=\/wp\/v2\/posts"}],"about":[{"href":"http:\/\/paulorobertodaradio.com.br\/site\/index.php?rest_route=\/wp\/v2\/types\/post"}],"author":[{"embeddable":true,"href":"http:\/\/paulorobertodaradio.com.br\/site\/index.php?rest_route=\/wp\/v2\/users\/2"}],"replies":[{"embeddable":true,"href":"http:\/\/paulorobertodaradio.com.br\/site\/index.php?rest_route=%2Fwp%2Fv2%2Fcomments&post=2064"}],"version-history":[{"count":2,"href":"http:\/\/paulorobertodaradio.com.br\/site\/index.php?rest_route=\/wp\/v2\/posts\/2064\/revisions"}],"predecessor-version":[{"id":2067,"href":"http:\/\/paulorobertodaradio.com.br\/site\/index.php?rest_route=\/wp\/v2\/posts\/2064\/revisions\/2067"}],"wp:attachment":[{"href":"http:\/\/paulorobertodaradio.com.br\/site\/index.php?rest_route=%2Fwp%2Fv2%2Fmedia&parent=2064"}],"wp:term":[{"taxonomy":"category","embeddable":true,"href":"http:\/\/paulorobertodaradio.com.br\/site\/index.php?rest_route=%2Fwp%2Fv2%2Fcategories&post=2064"},{"taxonomy":"post_tag","embeddable":true,"href":"http:\/\/paulorobertodaradio.com.br\/site\/index.php?rest_route=%2Fwp%2Fv2%2Ftags&post=2064"}],"curies":[{"name":"wp","href":"https:\/\/api.w.org\/{rel}","templated":true}]}}