{"id":2072,"date":"2014-06-06T12:24:33","date_gmt":"2014-06-06T15:24:33","guid":{"rendered":"http:\/\/paulorobertodaradio.com.br\/site\/?p=2072"},"modified":"2014-06-06T12:24:33","modified_gmt":"2014-06-06T15:24:33","slug":"em-miradouro-transporte-gratuito-de-alunos","status":"publish","type":"post","link":"http:\/\/paulorobertodaradio.com.br\/site\/?p=2072","title":{"rendered":"EM MIRADOURO: TRANSPORTE  GRATUITO DE ALUNOS."},"content":{"rendered":"<p><span style=\"line-height: 1.714285714; font-size: 1rem;\"><a href=\"http:\/\/paulorobertodaradio.com.br\/site\/wp-content\/uploads\/2014\/06\/costumura2.jpg\"><img loading=\"lazy\" decoding=\"async\" class=\"aligncenter size-full wp-image-2073\" alt=\"costumura2\" src=\"http:\/\/paulorobertodaradio.com.br\/site\/wp-content\/uploads\/2014\/06\/costumura2.jpg\" width=\"590\" height=\"443\" srcset=\"http:\/\/paulorobertodaradio.com.br\/site\/wp-content\/uploads\/2014\/06\/costumura2.jpg 590w, http:\/\/paulorobertodaradio.com.br\/site\/wp-content\/uploads\/2014\/06\/costumura2-300x225.jpg 300w\" sizes=\"auto, (max-width: 590px) 100vw, 590px\" \/><\/a>Miradourenses est\u00e3o freq\u00fcentando um Curso de Costureiro, realizado pelo PRONATEC em parceria com o Senai, em Muria\u00e9, desde segunda-feira, 2 de junho.<\/span><\/p>\n<p>A forma\u00e7\u00e3o profissional foi disponibilizada atrav\u00e9s de contatos da Coordenadora do CRAS de Miradouro, Francinelle Leite com o Senai. O Prefeito Mirim disponibilizou um \u00f4nibus da Prefeitura para transportar, gratuitamente, os alunos de Miradouro.<\/p>\n<p>As aulas acontecem de segunda a sexta-feira, das 07h30 \u00e0s 10h40, no SENAI, em Muria\u00e9 e o curso tem dura\u00e7\u00e3o de 48 dias.<\/p>\n<p>&nbsp;<\/p>\n","protected":false},"excerpt":{"rendered":"<p>Miradourenses est\u00e3o freq\u00fcentando um Curso de Costureiro, realizado pelo PRONATEC em parceria com o Senai, em Muria\u00e9, desde segunda-feira, 2 de junho. A forma\u00e7\u00e3o profissional foi disponibilizada atrav\u00e9s de contatos da Coordenadora do CRAS de Miradouro, Francinelle Leite com o Senai. O Prefeito Mirim disponibilizou um \u00f4nibus da Prefeitura para transportar, gratuitamente, os alunos de [&hellip;]<\/p>\n","protected":false},"author":2,"featured_media":0,"comment_status":"open","ping_status":"open","sticky":false,"template":"","format":"standard","meta":{"footnotes":""},"categories":[1],"tags":[],"class_list":["post-2072","post","type-post","status-publish","format-standard","hentry","category-sem-categoria"],"_links":{"self":[{"href":"http:\/\/paulorobertodaradio.com.br\/site\/index.php?rest_route=\/wp\/v2\/posts\/2072","targetHints":{"allow":["GET"]}}],"collection":[{"href":"http:\/\/paulorobertodaradio.com.br\/site\/index.php?rest_route=\/wp\/v2\/posts"}],"about":[{"href":"http:\/\/paulorobertodaradio.com.br\/site\/index.php?rest_route=\/wp\/v2\/types\/post"}],"author":[{"embeddable":true,"href":"http:\/\/paulorobertodaradio.com.br\/site\/index.php?rest_route=\/wp\/v2\/users\/2"}],"replies":[{"embeddable":true,"href":"http:\/\/paulorobertodaradio.com.br\/site\/index.php?rest_route=%2Fwp%2Fv2%2Fcomments&post=2072"}],"version-history":[{"count":1,"href":"http:\/\/paulorobertodaradio.com.br\/site\/index.php?rest_route=\/wp\/v2\/posts\/2072\/revisions"}],"predecessor-version":[{"id":2074,"href":"http:\/\/paulorobertodaradio.com.br\/site\/index.php?rest_route=\/wp\/v2\/posts\/2072\/revisions\/2074"}],"wp:attachment":[{"href":"http:\/\/paulorobertodaradio.com.br\/site\/index.php?rest_route=%2Fwp%2Fv2%2Fmedia&parent=2072"}],"wp:term":[{"taxonomy":"category","embeddable":true,"href":"http:\/\/paulorobertodaradio.com.br\/site\/index.php?rest_route=%2Fwp%2Fv2%2Fcategories&post=2072"},{"taxonomy":"post_tag","embeddable":true,"href":"http:\/\/paulorobertodaradio.com.br\/site\/index.php?rest_route=%2Fwp%2Fv2%2Ftags&post=2072"}],"curies":[{"name":"wp","href":"https:\/\/api.w.org\/{rel}","templated":true}]}}