{"id":2075,"date":"2014-06-07T07:55:28","date_gmt":"2014-06-07T10:55:28","guid":{"rendered":"http:\/\/paulorobertodaradio.com.br\/site\/?p=2075"},"modified":"2014-06-07T07:55:28","modified_gmt":"2014-06-07T10:55:28","slug":"em-rosario-da-limeira-armas-e-municoes-sao-apreendidas","status":"publish","type":"post","link":"http:\/\/paulorobertodaradio.com.br\/site\/?p=2075","title":{"rendered":"EM ROS\u00c1RIO DA LIMEIRA: ARMAS E MUNI\u00c7\u00d5ES S\u00c3O APREENDIDAS."},"content":{"rendered":"<p><span style=\"line-height: 1.714285714; font-size: 1rem;\"><a href=\"http:\/\/paulorobertodaradio.com.br\/site\/wp-content\/uploads\/2014\/06\/limeira02.jpg\"><img loading=\"lazy\" decoding=\"async\" class=\"size-full wp-image-2078 alignleft\" alt=\"limeira02\" src=\"http:\/\/paulorobertodaradio.com.br\/site\/wp-content\/uploads\/2014\/06\/limeira02.jpg\" width=\"450\" height=\"299\" srcset=\"http:\/\/paulorobertodaradio.com.br\/site\/wp-content\/uploads\/2014\/06\/limeira02.jpg 450w, http:\/\/paulorobertodaradio.com.br\/site\/wp-content\/uploads\/2014\/06\/limeira02-300x199.jpg 300w\" sizes=\"auto, (max-width: 450px) 100vw, 450px\" \/><\/a><a href=\"http:\/\/paulorobertodaradio.com.br\/site\/wp-content\/uploads\/2014\/06\/limeira01.jpg\"><br \/>\n<\/a>Policiais Militares de Ros\u00e1rio da Limeira ap\u00f3s receberem denuncia de que dois irm\u00e3os estariam comercializando armas e muni\u00e7\u00f5es na zona rural do munic\u00edpio, realizaram levantamentos levaram ao conhecimento da Policia Civil, que diante das informa\u00e7\u00f5es solicitou mandado de busca e apreens\u00e3o em desfavor dos denunciados.<\/span><\/p>\n<p>De posse do mandado foi montado uma opera\u00e7\u00e3o em conjunto com a policia civil, sendo realizado deslocamento at\u00e9 a resid\u00eancia do Sr. J. R. F. o qual n\u00e3o estava presente, sendo o mandado apresentado para sua esposa.<\/p>\n<p>Durante revista foi localizado em um dos quartos os seguintes materiais: 01 espingarda cal. 32, sem numera\u00e7\u00e3o e marca leg\u00edveis, vasta muni\u00e7\u00e3o de uso permitido\/restrito, sendo; 02 muni\u00e7\u00f5es cal. 44 intactas, 49 muni\u00e7\u00f5es cal. 22 int\u00e1ctas, 07 muni\u00e7\u00f5es cal. 32 int\u00e1ctas, 05 muni\u00e7\u00f5es cal. 36 int\u00e1ctas, 01 muni\u00e7\u00e3o cal. 28 int\u00e1cta, 02 muni\u00e7\u00f5es cal. 38 int\u00e1ctas, 03 cartuchos cal.32 deflagrados, 10 cartuchos cal. 36 deflagrados, 01 cartucho cal. 9,1 deflagrado, 07 cartuchos cal. 38 deflagrados, 01 cartucho cal. 32 deflagrado, 01 cartucho cal. 28 deflagrado, 01 cartucho cal. 20 deflagrado, 103 espoletas e artefatos utilizados para recarregar cartuchos que estavam acondicionados em bolsas, dependuradas na parede e no interior do guarda roupas localizaram tamb\u00e9m uma garrucha cal. 44 de uso restrito, sem numera\u00e7\u00e3o e marca leg\u00edvel.<\/p>\n<p>Ao questionarem a esposa do suspeito sobre a propriedade das armas de fogo e muni\u00e7\u00f5es, ela relatou que era de propriedade do seu marido e por n\u00e3o portar autoriza\u00e7\u00e3o para possuir as armas de fogo e as muni\u00e7\u00f5es, todo o material foi apreendido e entregues a DPJ de plant\u00e3o em Muria\u00e9 para as demais providencias.<a href=\"http:\/\/paulorobertodaradio.com.br\/site\/wp-content\/uploads\/2014\/06\/limeira011.jpg\"><br \/>\n<\/a><a href=\"http:\/\/paulorobertodaradio.com.br\/site\/wp-content\/uploads\/2014\/06\/limeira011.jpg\"><img loading=\"lazy\" decoding=\"async\" class=\"aligncenter size-full wp-image-2077\" alt=\"limeira01\" src=\"http:\/\/paulorobertodaradio.com.br\/site\/wp-content\/uploads\/2014\/06\/limeira011.jpg\" width=\"640\" height=\"426\" srcset=\"http:\/\/paulorobertodaradio.com.br\/site\/wp-content\/uploads\/2014\/06\/limeira011.jpg 640w, http:\/\/paulorobertodaradio.com.br\/site\/wp-content\/uploads\/2014\/06\/limeira011-300x199.jpg 300w, http:\/\/paulorobertodaradio.com.br\/site\/wp-content\/uploads\/2014\/06\/limeira011-624x415.jpg 624w\" sizes=\"auto, (max-width: 640px) 100vw, 640px\" \/><\/a>Colabora\u00e7\u00e3o: interligadoonlinecom.br<\/p>\n","protected":false},"excerpt":{"rendered":"<p>Policiais Militares de Ros\u00e1rio da Limeira ap\u00f3s receberem denuncia de que dois irm\u00e3os estariam comercializando armas e muni\u00e7\u00f5es na zona rural do munic\u00edpio, realizaram levantamentos levaram ao conhecimento da Policia Civil, que diante das informa\u00e7\u00f5es solicitou mandado de busca e apreens\u00e3o em desfavor dos denunciados. De posse do mandado foi montado uma opera\u00e7\u00e3o em conjunto [&hellip;]<\/p>\n","protected":false},"author":2,"featured_media":0,"comment_status":"open","ping_status":"open","sticky":false,"template":"","format":"standard","meta":{"footnotes":""},"categories":[1],"tags":[],"class_list":["post-2075","post","type-post","status-publish","format-standard","hentry","category-sem-categoria"],"_links":{"self":[{"href":"http:\/\/paulorobertodaradio.com.br\/site\/index.php?rest_route=\/wp\/v2\/posts\/2075","targetHints":{"allow":["GET"]}}],"collection":[{"href":"http:\/\/paulorobertodaradio.com.br\/site\/index.php?rest_route=\/wp\/v2\/posts"}],"about":[{"href":"http:\/\/paulorobertodaradio.com.br\/site\/index.php?rest_route=\/wp\/v2\/types\/post"}],"author":[{"embeddable":true,"href":"http:\/\/paulorobertodaradio.com.br\/site\/index.php?rest_route=\/wp\/v2\/users\/2"}],"replies":[{"embeddable":true,"href":"http:\/\/paulorobertodaradio.com.br\/site\/index.php?rest_route=%2Fwp%2Fv2%2Fcomments&post=2075"}],"version-history":[{"count":2,"href":"http:\/\/paulorobertodaradio.com.br\/site\/index.php?rest_route=\/wp\/v2\/posts\/2075\/revisions"}],"predecessor-version":[{"id":2080,"href":"http:\/\/paulorobertodaradio.com.br\/site\/index.php?rest_route=\/wp\/v2\/posts\/2075\/revisions\/2080"}],"wp:attachment":[{"href":"http:\/\/paulorobertodaradio.com.br\/site\/index.php?rest_route=%2Fwp%2Fv2%2Fmedia&parent=2075"}],"wp:term":[{"taxonomy":"category","embeddable":true,"href":"http:\/\/paulorobertodaradio.com.br\/site\/index.php?rest_route=%2Fwp%2Fv2%2Fcategories&post=2075"},{"taxonomy":"post_tag","embeddable":true,"href":"http:\/\/paulorobertodaradio.com.br\/site\/index.php?rest_route=%2Fwp%2Fv2%2Ftags&post=2075"}],"curies":[{"name":"wp","href":"https:\/\/api.w.org\/{rel}","templated":true}]}}