{"id":2081,"date":"2014-06-07T08:05:40","date_gmt":"2014-06-07T11:05:40","guid":{"rendered":"http:\/\/paulorobertodaradio.com.br\/site\/?p=2081"},"modified":"2014-06-07T08:05:40","modified_gmt":"2014-06-07T11:05:40","slug":"no-brasil-aprovacao-de-dilma-cai-mais-uma-vez","status":"publish","type":"post","link":"http:\/\/paulorobertodaradio.com.br\/site\/?p=2081","title":{"rendered":"NO BRASIL: APROVA\u00c7\u00c3O DE DILMA CAI MAIS UMA VEZ"},"content":{"rendered":"<p><a href=\"http:\/\/paulorobertodaradio.com.br\/site\/wp-content\/uploads\/2014\/06\/presidente-Dilma.jpg\"><img loading=\"lazy\" decoding=\"async\" class=\"size-full wp-image-2082 alignleft\" alt=\"presidente-Dilma\" src=\"http:\/\/paulorobertodaradio.com.br\/site\/wp-content\/uploads\/2014\/06\/presidente-Dilma.jpg\" width=\"290\" height=\"193\" \/><\/a>N\u00famero de eleitores que consideram o governo de Dilma Rousseff \u00f3timo ou bom caiu de 35 para 33 por cento.<\/p>\n<p>De acordo com o Datafolha, o \u00edndice est\u00e1 pr\u00f3ximo da pior avalia\u00e7\u00e3o da presidente quando foi registrada uma aprova\u00e7\u00e3o de 30% ap\u00f3s os protestos em junho do ano passado.<\/p>\n<p>A avalia\u00e7\u00e3o regular permaneceu em 38 por cento e o \u00edndice de pessoas que avaliam o governo Dilma como ruim ou p\u00e9ssimo aumentou de 26 para 28 por cento.<\/p>\n<p>A nota m\u00e9dia que os mais de quatro mil entrevistados deram ao governo federal foi de cinco e meio.A margem de erro da pesquisa \u00e9 de dois pontos percentuais.<\/p>\n<p>Fonte: agencia radio2<\/p>\n","protected":false},"excerpt":{"rendered":"<p>N\u00famero de eleitores que consideram o governo de Dilma Rousseff \u00f3timo ou bom caiu de 35 para 33 por cento. De acordo com o Datafolha, o \u00edndice est\u00e1 pr\u00f3ximo da pior avalia\u00e7\u00e3o da presidente quando foi registrada uma aprova\u00e7\u00e3o de 30% ap\u00f3s os protestos em junho do ano passado. A avalia\u00e7\u00e3o regular permaneceu em 38 [&hellip;]<\/p>\n","protected":false},"author":2,"featured_media":0,"comment_status":"open","ping_status":"open","sticky":false,"template":"","format":"standard","meta":{"footnotes":""},"categories":[1],"tags":[],"class_list":["post-2081","post","type-post","status-publish","format-standard","hentry","category-sem-categoria"],"_links":{"self":[{"href":"http:\/\/paulorobertodaradio.com.br\/site\/index.php?rest_route=\/wp\/v2\/posts\/2081","targetHints":{"allow":["GET"]}}],"collection":[{"href":"http:\/\/paulorobertodaradio.com.br\/site\/index.php?rest_route=\/wp\/v2\/posts"}],"about":[{"href":"http:\/\/paulorobertodaradio.com.br\/site\/index.php?rest_route=\/wp\/v2\/types\/post"}],"author":[{"embeddable":true,"href":"http:\/\/paulorobertodaradio.com.br\/site\/index.php?rest_route=\/wp\/v2\/users\/2"}],"replies":[{"embeddable":true,"href":"http:\/\/paulorobertodaradio.com.br\/site\/index.php?rest_route=%2Fwp%2Fv2%2Fcomments&post=2081"}],"version-history":[{"count":1,"href":"http:\/\/paulorobertodaradio.com.br\/site\/index.php?rest_route=\/wp\/v2\/posts\/2081\/revisions"}],"predecessor-version":[{"id":2083,"href":"http:\/\/paulorobertodaradio.com.br\/site\/index.php?rest_route=\/wp\/v2\/posts\/2081\/revisions\/2083"}],"wp:attachment":[{"href":"http:\/\/paulorobertodaradio.com.br\/site\/index.php?rest_route=%2Fwp%2Fv2%2Fmedia&parent=2081"}],"wp:term":[{"taxonomy":"category","embeddable":true,"href":"http:\/\/paulorobertodaradio.com.br\/site\/index.php?rest_route=%2Fwp%2Fv2%2Fcategories&post=2081"},{"taxonomy":"post_tag","embeddable":true,"href":"http:\/\/paulorobertodaradio.com.br\/site\/index.php?rest_route=%2Fwp%2Fv2%2Ftags&post=2081"}],"curies":[{"name":"wp","href":"https:\/\/api.w.org\/{rel}","templated":true}]}}