{"id":2084,"date":"2014-06-07T08:07:07","date_gmt":"2014-06-07T11:07:07","guid":{"rendered":"http:\/\/paulorobertodaradio.com.br\/site\/?p=2084"},"modified":"2014-06-07T08:07:07","modified_gmt":"2014-06-07T11:07:07","slug":"em-miradouro-chegada-de-sargentos-reforca-policia-militar","status":"publish","type":"post","link":"http:\/\/paulorobertodaradio.com.br\/site\/?p=2084","title":{"rendered":"EM MIRADOURO: CHEGADA DE SARGENTOS REFOR\u00c7A POL\u00cdCIA MILITAR"},"content":{"rendered":"<p><a href=\"http:\/\/paulorobertodaradio.com.br\/site\/wp-content\/uploads\/2014\/06\/sargentos.jpg\"><img loading=\"lazy\" decoding=\"async\" class=\"aligncenter size-full wp-image-2085\" alt=\"sargentos\" src=\"http:\/\/paulorobertodaradio.com.br\/site\/wp-content\/uploads\/2014\/06\/sargentos.jpg\" width=\"640\" height=\"480\" srcset=\"http:\/\/paulorobertodaradio.com.br\/site\/wp-content\/uploads\/2014\/06\/sargentos.jpg 640w, http:\/\/paulorobertodaradio.com.br\/site\/wp-content\/uploads\/2014\/06\/sargentos-300x225.jpg 300w, http:\/\/paulorobertodaradio.com.br\/site\/wp-content\/uploads\/2014\/06\/sargentos-624x468.jpg 624w\" sizes=\"auto, (max-width: 640px) 100vw, 640px\" \/><\/a>Nesta quinta-feira (05) dois Sargentos rec\u00e9m-formados se apresentaram para compor o quadro de efetivo Policial do 4\u00ba Pelot\u00e3o PM de Miradouro. O Sgt Iran da cidade Divino e o Sgt Carlos da cidade de Muria\u00e9 formaram no dia 30 de Maio, eles participaram do curso de forma\u00e7\u00e3o de Sargentos durante 03 meses na 104\u00aa Cia de Ensino e Treinamento do 2\u00ba BPM em Juiz de Fora-MG.<\/p>\n<p>Ambos foram recebidos com muita expectativa pelos companheiros de servi\u00e7o que almejavam pelo refor\u00e7o que foi muito bem vindo, para melhorar o atendimento a popula\u00e7\u00e3o e ajudar no combate a criminalidade.<\/p>\n<p>Colabora\u00e7\u00e3o: miradouronoticias.com<\/p>\n<p>&nbsp;<\/p>\n","protected":false},"excerpt":{"rendered":"<p>Nesta quinta-feira (05) dois Sargentos rec\u00e9m-formados se apresentaram para compor o quadro de efetivo Policial do 4\u00ba Pelot\u00e3o PM de Miradouro. O Sgt Iran da cidade Divino e o Sgt Carlos da cidade de Muria\u00e9 formaram no dia 30 de Maio, eles participaram do curso de forma\u00e7\u00e3o de Sargentos durante 03 meses na 104\u00aa Cia [&hellip;]<\/p>\n","protected":false},"author":2,"featured_media":0,"comment_status":"open","ping_status":"open","sticky":false,"template":"","format":"standard","meta":{"footnotes":""},"categories":[1],"tags":[],"class_list":["post-2084","post","type-post","status-publish","format-standard","hentry","category-sem-categoria"],"_links":{"self":[{"href":"http:\/\/paulorobertodaradio.com.br\/site\/index.php?rest_route=\/wp\/v2\/posts\/2084","targetHints":{"allow":["GET"]}}],"collection":[{"href":"http:\/\/paulorobertodaradio.com.br\/site\/index.php?rest_route=\/wp\/v2\/posts"}],"about":[{"href":"http:\/\/paulorobertodaradio.com.br\/site\/index.php?rest_route=\/wp\/v2\/types\/post"}],"author":[{"embeddable":true,"href":"http:\/\/paulorobertodaradio.com.br\/site\/index.php?rest_route=\/wp\/v2\/users\/2"}],"replies":[{"embeddable":true,"href":"http:\/\/paulorobertodaradio.com.br\/site\/index.php?rest_route=%2Fwp%2Fv2%2Fcomments&post=2084"}],"version-history":[{"count":1,"href":"http:\/\/paulorobertodaradio.com.br\/site\/index.php?rest_route=\/wp\/v2\/posts\/2084\/revisions"}],"predecessor-version":[{"id":2086,"href":"http:\/\/paulorobertodaradio.com.br\/site\/index.php?rest_route=\/wp\/v2\/posts\/2084\/revisions\/2086"}],"wp:attachment":[{"href":"http:\/\/paulorobertodaradio.com.br\/site\/index.php?rest_route=%2Fwp%2Fv2%2Fmedia&parent=2084"}],"wp:term":[{"taxonomy":"category","embeddable":true,"href":"http:\/\/paulorobertodaradio.com.br\/site\/index.php?rest_route=%2Fwp%2Fv2%2Fcategories&post=2084"},{"taxonomy":"post_tag","embeddable":true,"href":"http:\/\/paulorobertodaradio.com.br\/site\/index.php?rest_route=%2Fwp%2Fv2%2Ftags&post=2084"}],"curies":[{"name":"wp","href":"https:\/\/api.w.org\/{rel}","templated":true}]}}