{"id":2093,"date":"2014-06-07T12:15:23","date_gmt":"2014-06-07T15:15:23","guid":{"rendered":"http:\/\/paulorobertodaradio.com.br\/site\/?p=2093"},"modified":"2014-06-07T12:15:23","modified_gmt":"2014-06-07T15:15:23","slug":"em-carangola-tentativa-de-assassinato","status":"publish","type":"post","link":"http:\/\/paulorobertodaradio.com.br\/site\/?p=2093","title":{"rendered":"EM CARANGOLA: TENTATIVA DE ASSASSINATO"},"content":{"rendered":"<p><a href=\"http:\/\/paulorobertodaradio.com.br\/site\/wp-content\/uploads\/2014\/06\/carangola.jpg\"><img loading=\"lazy\" decoding=\"async\" class=\"size-full wp-image-2094 alignleft\" alt=\"carangola\" src=\"http:\/\/paulorobertodaradio.com.br\/site\/wp-content\/uploads\/2014\/06\/carangola.jpg\" width=\"259\" height=\"194\" \/><\/a>Um comerciante de 57 anos de idade, est\u00e1 preso acusado de ter tentado matar a esposa com tr\u00eas tiros na cidade de Carangola quando a v\u00edtima saiu do bar onde os dois estavam. A mulher foi socorrida pelo SAMU e levada ao Hospital de Carangola com ferimentos no t\u00f3rax e regi\u00e3o cervical. Segundo a pol\u00edcia, o comerciante que foi preso dentro do bar, nega o fato.<\/p>\n<p>Colabora\u00e7\u00e3o: silvanalves.com<\/p>\n","protected":false},"excerpt":{"rendered":"<p>Um comerciante de 57 anos de idade, est\u00e1 preso acusado de ter tentado matar a esposa com tr\u00eas tiros na cidade de Carangola quando a v\u00edtima saiu do bar onde os dois estavam. A mulher foi socorrida pelo SAMU e levada ao Hospital de Carangola com ferimentos no t\u00f3rax e regi\u00e3o cervical. Segundo a pol\u00edcia, [&hellip;]<\/p>\n","protected":false},"author":2,"featured_media":0,"comment_status":"open","ping_status":"open","sticky":false,"template":"","format":"standard","meta":{"footnotes":""},"categories":[1],"tags":[],"class_list":["post-2093","post","type-post","status-publish","format-standard","hentry","category-sem-categoria"],"_links":{"self":[{"href":"http:\/\/paulorobertodaradio.com.br\/site\/index.php?rest_route=\/wp\/v2\/posts\/2093","targetHints":{"allow":["GET"]}}],"collection":[{"href":"http:\/\/paulorobertodaradio.com.br\/site\/index.php?rest_route=\/wp\/v2\/posts"}],"about":[{"href":"http:\/\/paulorobertodaradio.com.br\/site\/index.php?rest_route=\/wp\/v2\/types\/post"}],"author":[{"embeddable":true,"href":"http:\/\/paulorobertodaradio.com.br\/site\/index.php?rest_route=\/wp\/v2\/users\/2"}],"replies":[{"embeddable":true,"href":"http:\/\/paulorobertodaradio.com.br\/site\/index.php?rest_route=%2Fwp%2Fv2%2Fcomments&post=2093"}],"version-history":[{"count":2,"href":"http:\/\/paulorobertodaradio.com.br\/site\/index.php?rest_route=\/wp\/v2\/posts\/2093\/revisions"}],"predecessor-version":[{"id":2096,"href":"http:\/\/paulorobertodaradio.com.br\/site\/index.php?rest_route=\/wp\/v2\/posts\/2093\/revisions\/2096"}],"wp:attachment":[{"href":"http:\/\/paulorobertodaradio.com.br\/site\/index.php?rest_route=%2Fwp%2Fv2%2Fmedia&parent=2093"}],"wp:term":[{"taxonomy":"category","embeddable":true,"href":"http:\/\/paulorobertodaradio.com.br\/site\/index.php?rest_route=%2Fwp%2Fv2%2Fcategories&post=2093"},{"taxonomy":"post_tag","embeddable":true,"href":"http:\/\/paulorobertodaradio.com.br\/site\/index.php?rest_route=%2Fwp%2Fv2%2Ftags&post=2093"}],"curies":[{"name":"wp","href":"https:\/\/api.w.org\/{rel}","templated":true}]}}