{"id":2097,"date":"2014-06-07T23:12:37","date_gmt":"2014-06-08T02:12:37","guid":{"rendered":"http:\/\/paulorobertodaradio.com.br\/site\/?p=2097"},"modified":"2014-06-07T23:12:37","modified_gmt":"2014-06-08T02:12:37","slug":"em-muriae-acordo-entre-feirantes-e-prefeitura-coloca-feira-entre-rodoviaria-e-casa-de-saude","status":"publish","type":"post","link":"http:\/\/paulorobertodaradio.com.br\/site\/?p=2097","title":{"rendered":"EM MURIA\u00c9: ACORDO ENTRE FEIRANTES E PREFEITURA COLOCA FEIRA ENTRE RODOVI\u00c1RIA E CASA DE SA\u00daDE."},"content":{"rendered":"<p><strong><a href=\"http:\/\/paulorobertodaradio.com.br\/site\/wp-content\/uploads\/2014\/06\/FEIRAMURAE.jpg\"><img loading=\"lazy\" decoding=\"async\" class=\"aligncenter size-full wp-image-2098\" alt=\"FEIRAMURAE\" src=\"http:\/\/paulorobertodaradio.com.br\/site\/wp-content\/uploads\/2014\/06\/FEIRAMURAE.jpg\" width=\"620\" height=\"465\" srcset=\"http:\/\/paulorobertodaradio.com.br\/site\/wp-content\/uploads\/2014\/06\/FEIRAMURAE.jpg 620w, http:\/\/paulorobertodaradio.com.br\/site\/wp-content\/uploads\/2014\/06\/FEIRAMURAE-300x225.jpg 300w\" sizes=\"auto, (max-width: 620px) 100vw, 620px\" \/><\/a>ACORDO FEITO ENTRE A UACEBEM, FEIRANTES E PREFEITURA, LEIA NA NOTA.<\/strong><\/p>\n<p>\u201cA famosa e tradicional Feira de Domingo, funcionou por d\u00e9cadas na Rua Oswaldo Cruz no bairro da Barra, sofreu v\u00e1rias mudan\u00e7as depois que moradores entraram na justi\u00e7a para que fosse mudada de local, visto os transtornos causados pelos feirantes interrompendo a via p\u00fablica impedindo que retirassem seus ve\u00edculos das garagens sa\u00edssem ou entrassem em suas casas. A partir da\u00ed a feira funcionou em v\u00e1rios lugares, foi para rua mal Floriano, depois veio para Av. JK atraso da Rodovi\u00e1ria estendendo-se para o sentido centro, que foi acionada na justi\u00e7a atrav\u00e9s de moradores que reclamaram junto \u00e0 Prefeitura para que mudasse de endere\u00e7o, devido aos transtornos com rela\u00e7\u00e3o \u00e0 obstru\u00e7\u00e3o da via etc. A Prefeitura na tentativa de resolver esse impasse transferiu a feira para um local que seria definitivo, ou seja, av. JK atr\u00e1s do Mercado Sales, que foi aprovado pelos feirantes e tamb\u00e9m pela popula\u00e7\u00e3o. No entanto, quando tudo parecia resolvido , aquela \u00e1rea precisou passar por interven\u00e7\u00e3o para reforma e reconstru\u00e7\u00e3o do muro de conten\u00e7\u00e3o da beira rio que desabou com a a\u00e7\u00e3o das \u00faltimas enchentes de 2012. Com o impedimento na justi\u00e7a dos moradores da JK, outro problema para onde seria transferida novamente. Pois bem, fizeram uma tentativa de realizar um teste na Feira do Centro, o que foi uma cat\u00e1strofe, visto o n\u00famero de feirantes de domingo ser mais que o dobro dos outros dias (quartas e s\u00e1bados) e tamb\u00e9m os compradores que tradicionalmente frequentam a feira, n\u00e3o havendo estacionamentos os clientes estacionaram seus ve\u00edculos at\u00e9 mesmo na BR-356, sendo multados pela PRF. Sensibilizado com esse impasse, fomos procurados pelo presidente da associa\u00e7\u00e3o dos feirantes Sr. M\u00e1rio Vaz Lorete, resolveu a ir com ele at\u00e9 o prefeito para entreg\u00e1-lo um croqui das disposi\u00e7\u00f5es das bancas: sendo que seriam duas carreiras de bancas atr\u00e1s da rodovi\u00e1ria e uma carreira de bancas na av. JK rumo ao centro usando somente meia pista, n\u00e3o obstruindo a passagem dos moradores daquele local. E que foi aprovado pelos feirantes e prefeito Alo\u00edsio Aquino. A Resolu\u00e7\u00e3o \u00e9 v\u00e1lida a partir de 08 de junho\u201d.<\/p>\n","protected":false},"excerpt":{"rendered":"<p>ACORDO FEITO ENTRE A UACEBEM, FEIRANTES E PREFEITURA, LEIA NA NOTA. \u201cA famosa e tradicional Feira de Domingo, funcionou por d\u00e9cadas na Rua Oswaldo Cruz no bairro da Barra, sofreu v\u00e1rias mudan\u00e7as depois que moradores entraram na justi\u00e7a para que fosse mudada de local, visto os transtornos causados pelos feirantes interrompendo a via p\u00fablica impedindo [&hellip;]<\/p>\n","protected":false},"author":2,"featured_media":0,"comment_status":"open","ping_status":"open","sticky":false,"template":"","format":"standard","meta":{"footnotes":""},"categories":[1],"tags":[],"class_list":["post-2097","post","type-post","status-publish","format-standard","hentry","category-sem-categoria"],"_links":{"self":[{"href":"http:\/\/paulorobertodaradio.com.br\/site\/index.php?rest_route=\/wp\/v2\/posts\/2097","targetHints":{"allow":["GET"]}}],"collection":[{"href":"http:\/\/paulorobertodaradio.com.br\/site\/index.php?rest_route=\/wp\/v2\/posts"}],"about":[{"href":"http:\/\/paulorobertodaradio.com.br\/site\/index.php?rest_route=\/wp\/v2\/types\/post"}],"author":[{"embeddable":true,"href":"http:\/\/paulorobertodaradio.com.br\/site\/index.php?rest_route=\/wp\/v2\/users\/2"}],"replies":[{"embeddable":true,"href":"http:\/\/paulorobertodaradio.com.br\/site\/index.php?rest_route=%2Fwp%2Fv2%2Fcomments&post=2097"}],"version-history":[{"count":2,"href":"http:\/\/paulorobertodaradio.com.br\/site\/index.php?rest_route=\/wp\/v2\/posts\/2097\/revisions"}],"predecessor-version":[{"id":2100,"href":"http:\/\/paulorobertodaradio.com.br\/site\/index.php?rest_route=\/wp\/v2\/posts\/2097\/revisions\/2100"}],"wp:attachment":[{"href":"http:\/\/paulorobertodaradio.com.br\/site\/index.php?rest_route=%2Fwp%2Fv2%2Fmedia&parent=2097"}],"wp:term":[{"taxonomy":"category","embeddable":true,"href":"http:\/\/paulorobertodaradio.com.br\/site\/index.php?rest_route=%2Fwp%2Fv2%2Fcategories&post=2097"},{"taxonomy":"post_tag","embeddable":true,"href":"http:\/\/paulorobertodaradio.com.br\/site\/index.php?rest_route=%2Fwp%2Fv2%2Ftags&post=2097"}],"curies":[{"name":"wp","href":"https:\/\/api.w.org\/{rel}","templated":true}]}}