{"id":2107,"date":"2014-06-08T14:16:07","date_gmt":"2014-06-08T17:16:07","guid":{"rendered":"http:\/\/paulorobertodaradio.com.br\/site\/?p=2107"},"modified":"2014-06-08T14:20:10","modified_gmt":"2014-06-08T17:20:10","slug":"estrada-miradouro-a-vieiras-acidente-tira-uma-vida","status":"publish","type":"post","link":"http:\/\/paulorobertodaradio.com.br\/site\/?p=2107","title":{"rendered":"ESTRADA MIRADOURO A VIEIRAS: ACIDENTE TIRA UMA VIDA"},"content":{"rendered":"<p><a href=\"http:\/\/paulorobertodaradio.com.br\/site\/wp-content\/uploads\/2014\/06\/acidente-vieras.jpg\"><img loading=\"lazy\" decoding=\"async\" class=\"aligncenter size-full wp-image-2111\" alt=\"acidente vieras\" src=\"http:\/\/paulorobertodaradio.com.br\/site\/wp-content\/uploads\/2014\/06\/acidente-vieras.jpg\" width=\"620\" height=\"465\" srcset=\"http:\/\/paulorobertodaradio.com.br\/site\/wp-content\/uploads\/2014\/06\/acidente-vieras.jpg 620w, http:\/\/paulorobertodaradio.com.br\/site\/wp-content\/uploads\/2014\/06\/acidente-vieras-300x225.jpg 300w\" sizes=\"auto, (max-width: 620px) 100vw, 620px\" \/><\/a>Acidente na estrada Miradouro a Vieiras no final da madrugada deste domingo- 8 de Junho, tirou vida do irm\u00e3o do condutor o Sr. Rog\u00e9rio Aparecido Rodrigues de Castro, 36 anos, que durante o descontrole do carro seguido de capotamento foi lan\u00e7ado para fora do veiculo e sofreu graves ferimentos na cabe\u00e7a, sendo socorrido por uma ambul\u00e2ncia de Miradouro, antes de chegar ao Hospital S\u00e3o Paulo em Muria\u00e9, n\u00e3o resistiu e faleceu no trageto .<\/p>\n<p>A pericia t\u00e9cnica compareceu ao local e realizou seus trabalhos , liberou o corpo para familia realizar vel\u00f3rio, e a Policia Civil vai investigar as causas do acidente.<\/p>\n<p><a href=\"http:\/\/paulorobertodaradio.com.br\/site\/wp-content\/uploads\/2014\/06\/acidente-vieras21.jpg\"><img loading=\"lazy\" decoding=\"async\" class=\"aligncenter size-full wp-image-2112\" alt=\"acidente vieras2\" src=\"http:\/\/paulorobertodaradio.com.br\/site\/wp-content\/uploads\/2014\/06\/acidente-vieras21.jpg\" width=\"620\" height=\"465\" srcset=\"http:\/\/paulorobertodaradio.com.br\/site\/wp-content\/uploads\/2014\/06\/acidente-vieras21.jpg 620w, http:\/\/paulorobertodaradio.com.br\/site\/wp-content\/uploads\/2014\/06\/acidente-vieras21-300x225.jpg 300w\" sizes=\"auto, (max-width: 620px) 100vw, 620px\" \/><\/a><\/p>\n<p>&nbsp;<\/p>\n<p>Foto: silvanalves.com.br<\/p>\n","protected":false},"excerpt":{"rendered":"<p>Acidente na estrada Miradouro a Vieiras no final da madrugada deste domingo- 8 de Junho, tirou vida do irm\u00e3o do condutor o Sr. Rog\u00e9rio Aparecido Rodrigues de Castro, 36 anos, que durante o descontrole do carro seguido de capotamento foi lan\u00e7ado para fora do veiculo e sofreu graves ferimentos na cabe\u00e7a, sendo socorrido por uma [&hellip;]<\/p>\n","protected":false},"author":2,"featured_media":0,"comment_status":"open","ping_status":"open","sticky":false,"template":"","format":"standard","meta":{"footnotes":""},"categories":[1],"tags":[],"class_list":["post-2107","post","type-post","status-publish","format-standard","hentry","category-sem-categoria"],"_links":{"self":[{"href":"http:\/\/paulorobertodaradio.com.br\/site\/index.php?rest_route=\/wp\/v2\/posts\/2107","targetHints":{"allow":["GET"]}}],"collection":[{"href":"http:\/\/paulorobertodaradio.com.br\/site\/index.php?rest_route=\/wp\/v2\/posts"}],"about":[{"href":"http:\/\/paulorobertodaradio.com.br\/site\/index.php?rest_route=\/wp\/v2\/types\/post"}],"author":[{"embeddable":true,"href":"http:\/\/paulorobertodaradio.com.br\/site\/index.php?rest_route=\/wp\/v2\/users\/2"}],"replies":[{"embeddable":true,"href":"http:\/\/paulorobertodaradio.com.br\/site\/index.php?rest_route=%2Fwp%2Fv2%2Fcomments&post=2107"}],"version-history":[{"count":4,"href":"http:\/\/paulorobertodaradio.com.br\/site\/index.php?rest_route=\/wp\/v2\/posts\/2107\/revisions"}],"predecessor-version":[{"id":2110,"href":"http:\/\/paulorobertodaradio.com.br\/site\/index.php?rest_route=\/wp\/v2\/posts\/2107\/revisions\/2110"}],"wp:attachment":[{"href":"http:\/\/paulorobertodaradio.com.br\/site\/index.php?rest_route=%2Fwp%2Fv2%2Fmedia&parent=2107"}],"wp:term":[{"taxonomy":"category","embeddable":true,"href":"http:\/\/paulorobertodaradio.com.br\/site\/index.php?rest_route=%2Fwp%2Fv2%2Fcategories&post=2107"},{"taxonomy":"post_tag","embeddable":true,"href":"http:\/\/paulorobertodaradio.com.br\/site\/index.php?rest_route=%2Fwp%2Fv2%2Ftags&post=2107"}],"curies":[{"name":"wp","href":"https:\/\/api.w.org\/{rel}","templated":true}]}}