{"id":2115,"date":"2014-06-08T14:30:17","date_gmt":"2014-06-08T17:30:17","guid":{"rendered":"http:\/\/paulorobertodaradio.com.br\/site\/?p=2115"},"modified":"2014-06-08T14:30:17","modified_gmt":"2014-06-08T17:30:17","slug":"2115","status":"publish","type":"post","link":"http:\/\/paulorobertodaradio.com.br\/site\/?p=2115","title":{"rendered":""},"content":{"rendered":"<p><a href=\"http:\/\/paulorobertodaradio.com.br\/site\/wp-content\/uploads\/2014\/06\/energia.jpg\"><img loading=\"lazy\" decoding=\"async\" class=\"size-full wp-image-2116 alignleft\" alt=\"energia\" src=\"http:\/\/paulorobertodaradio.com.br\/site\/wp-content\/uploads\/2014\/06\/energia.jpg\" width=\"204\" height=\"152\" \/><\/a><br \/>\nA \u00faltima reuni\u00e3o do Comit\u00ea de Pol\u00edtica Monet\u00e1ria do Banco Central trouxe uma boa e uma m\u00e1 not\u00edcia para o consumidor.<\/p>\n<p>Os especialistas acreditam que a conta de luz vai subir bastante, em 2014. Nada menos que 11,5 por cento de reajuste.<a href=\"http:\/\/paulorobertodaradio.com.br\/site\/wp-content\/uploads\/2014\/06\/energia02.jpg\"><img loading=\"lazy\" decoding=\"async\" class=\"size-full wp-image-2117 alignright\" alt=\"energia02\" src=\"http:\/\/paulorobertodaradio.com.br\/site\/wp-content\/uploads\/2014\/06\/energia02.jpg\" width=\"259\" height=\"194\" \/><\/a><\/p>\n<p>Praticamente o dobro da infla\u00e7\u00e3o prevista para este ano.<\/p>\n<p>A boa not\u00edcia \u00e9 que falar ao telefone fixo ficar\u00e1 mais barato.<\/p>\n<p>E os especilistas do Copom projetam uma queda de mais de quatro por cento no valor da conta.<\/p>\n<p>A entidade ainda destacou, por exemplo, os aumentos nos pre\u00e7os da gasolina e do buj\u00e3o de g\u00e1s.<\/p>\n<p>Colabora\u00e7\u00e3o: ag\u00eancia radio 2<\/p>\n<p>&nbsp;<\/p>\n","protected":false},"excerpt":{"rendered":"<p>A \u00faltima reuni\u00e3o do Comit\u00ea de Pol\u00edtica Monet\u00e1ria do Banco Central trouxe uma boa e uma m\u00e1 not\u00edcia para o consumidor. Os especialistas acreditam que a conta de luz vai subir bastante, em 2014. Nada menos que 11,5 por cento de reajuste. Praticamente o dobro da infla\u00e7\u00e3o prevista para este ano. A boa not\u00edcia \u00e9 [&hellip;]<\/p>\n","protected":false},"author":2,"featured_media":0,"comment_status":"open","ping_status":"open","sticky":false,"template":"","format":"standard","meta":{"footnotes":""},"categories":[1],"tags":[],"class_list":["post-2115","post","type-post","status-publish","format-standard","hentry","category-sem-categoria"],"_links":{"self":[{"href":"http:\/\/paulorobertodaradio.com.br\/site\/index.php?rest_route=\/wp\/v2\/posts\/2115","targetHints":{"allow":["GET"]}}],"collection":[{"href":"http:\/\/paulorobertodaradio.com.br\/site\/index.php?rest_route=\/wp\/v2\/posts"}],"about":[{"href":"http:\/\/paulorobertodaradio.com.br\/site\/index.php?rest_route=\/wp\/v2\/types\/post"}],"author":[{"embeddable":true,"href":"http:\/\/paulorobertodaradio.com.br\/site\/index.php?rest_route=\/wp\/v2\/users\/2"}],"replies":[{"embeddable":true,"href":"http:\/\/paulorobertodaradio.com.br\/site\/index.php?rest_route=%2Fwp%2Fv2%2Fcomments&post=2115"}],"version-history":[{"count":1,"href":"http:\/\/paulorobertodaradio.com.br\/site\/index.php?rest_route=\/wp\/v2\/posts\/2115\/revisions"}],"predecessor-version":[{"id":2118,"href":"http:\/\/paulorobertodaradio.com.br\/site\/index.php?rest_route=\/wp\/v2\/posts\/2115\/revisions\/2118"}],"wp:attachment":[{"href":"http:\/\/paulorobertodaradio.com.br\/site\/index.php?rest_route=%2Fwp%2Fv2%2Fmedia&parent=2115"}],"wp:term":[{"taxonomy":"category","embeddable":true,"href":"http:\/\/paulorobertodaradio.com.br\/site\/index.php?rest_route=%2Fwp%2Fv2%2Fcategories&post=2115"},{"taxonomy":"post_tag","embeddable":true,"href":"http:\/\/paulorobertodaradio.com.br\/site\/index.php?rest_route=%2Fwp%2Fv2%2Ftags&post=2115"}],"curies":[{"name":"wp","href":"https:\/\/api.w.org\/{rel}","templated":true}]}}