{"id":2119,"date":"2014-06-08T14:47:05","date_gmt":"2014-06-08T17:47:05","guid":{"rendered":"http:\/\/paulorobertodaradio.com.br\/site\/?p=2119"},"modified":"2014-06-08T14:47:05","modified_gmt":"2014-06-08T17:47:05","slug":"em-fervedouro-homem-e-preso-por-porte-ilegal-de-armas","status":"publish","type":"post","link":"http:\/\/paulorobertodaradio.com.br\/site\/?p=2119","title":{"rendered":"EM FERVEDOURO: HOMEM \u00c9 PRESO POR PORTE ILEGAL DE ARMAS"},"content":{"rendered":"<p><a href=\"http:\/\/paulorobertodaradio.com.br\/site\/wp-content\/uploads\/2014\/06\/fervedouro-face.jpg\"><img loading=\"lazy\" decoding=\"async\" class=\"aligncenter size-full wp-image-2123\" alt=\"OLYMPUS DIGITAL CAMERA\" src=\"http:\/\/paulorobertodaradio.com.br\/site\/wp-content\/uploads\/2014\/06\/fervedouro-face.jpg\" width=\"3968\" height=\"2976\" srcset=\"http:\/\/paulorobertodaradio.com.br\/site\/wp-content\/uploads\/2014\/06\/fervedouro-face.jpg 2048w, http:\/\/paulorobertodaradio.com.br\/site\/wp-content\/uploads\/2014\/06\/fervedouro-face-300x225.jpg 300w, http:\/\/paulorobertodaradio.com.br\/site\/wp-content\/uploads\/2014\/06\/fervedouro-face-1024x768.jpg 1024w, http:\/\/paulorobertodaradio.com.br\/site\/wp-content\/uploads\/2014\/06\/fervedouro-face-624x468.jpg 624w\" sizes=\"auto, (max-width: 3968px) 100vw, 3968px\" \/><\/a> Um homem foi preso por porte ilegal de arma de fogo em\u00a0Fervedouro .O fato aconteceu durante uma abordagem da pol\u00edcia Militar, que localizou o mesmo na cintura do cidad\u00e3o.<\/p>\n<p>Ele foi conduzido com o revolver calibre 32, e as 4 muni\u00e7\u00f5es at\u00e9 a delegacia no Safira em Muria\u00e9 na madrugada deste domingo (8), para as demais provid\u00eancias.<\/p>\n","protected":false},"excerpt":{"rendered":"<p>Um homem foi preso por porte ilegal de arma de fogo em\u00a0Fervedouro .O fato aconteceu durante uma abordagem da pol\u00edcia Militar, que localizou o mesmo na cintura do cidad\u00e3o. Ele foi conduzido com o revolver calibre 32, e as 4 muni\u00e7\u00f5es at\u00e9 a delegacia no Safira em Muria\u00e9 na madrugada deste domingo (8), para as [&hellip;]<\/p>\n","protected":false},"author":2,"featured_media":0,"comment_status":"open","ping_status":"open","sticky":false,"template":"","format":"standard","meta":{"footnotes":""},"categories":[1],"tags":[],"class_list":["post-2119","post","type-post","status-publish","format-standard","hentry","category-sem-categoria"],"_links":{"self":[{"href":"http:\/\/paulorobertodaradio.com.br\/site\/index.php?rest_route=\/wp\/v2\/posts\/2119","targetHints":{"allow":["GET"]}}],"collection":[{"href":"http:\/\/paulorobertodaradio.com.br\/site\/index.php?rest_route=\/wp\/v2\/posts"}],"about":[{"href":"http:\/\/paulorobertodaradio.com.br\/site\/index.php?rest_route=\/wp\/v2\/types\/post"}],"author":[{"embeddable":true,"href":"http:\/\/paulorobertodaradio.com.br\/site\/index.php?rest_route=\/wp\/v2\/users\/2"}],"replies":[{"embeddable":true,"href":"http:\/\/paulorobertodaradio.com.br\/site\/index.php?rest_route=%2Fwp%2Fv2%2Fcomments&post=2119"}],"version-history":[{"count":1,"href":"http:\/\/paulorobertodaradio.com.br\/site\/index.php?rest_route=\/wp\/v2\/posts\/2119\/revisions"}],"predecessor-version":[{"id":2126,"href":"http:\/\/paulorobertodaradio.com.br\/site\/index.php?rest_route=\/wp\/v2\/posts\/2119\/revisions\/2126"}],"wp:attachment":[{"href":"http:\/\/paulorobertodaradio.com.br\/site\/index.php?rest_route=%2Fwp%2Fv2%2Fmedia&parent=2119"}],"wp:term":[{"taxonomy":"category","embeddable":true,"href":"http:\/\/paulorobertodaradio.com.br\/site\/index.php?rest_route=%2Fwp%2Fv2%2Fcategories&post=2119"},{"taxonomy":"post_tag","embeddable":true,"href":"http:\/\/paulorobertodaradio.com.br\/site\/index.php?rest_route=%2Fwp%2Fv2%2Ftags&post=2119"}],"curies":[{"name":"wp","href":"https:\/\/api.w.org\/{rel}","templated":true}]}}