{"id":2127,"date":"2014-06-09T02:15:18","date_gmt":"2014-06-09T05:15:18","guid":{"rendered":"http:\/\/paulorobertodaradio.com.br\/site\/?p=2127"},"modified":"2014-06-09T02:15:18","modified_gmt":"2014-06-09T05:15:18","slug":"em-muriae-kombi-perde-controle-e-atropela-quem-tirava-um-cochilo","status":"publish","type":"post","link":"http:\/\/paulorobertodaradio.com.br\/site\/?p=2127","title":{"rendered":"EM MURIA\u00c9: KOMBI PERDE CONTROLE E ATROPELA QUEM TIRAVA UM &#8220;COCHILO&#8221;."},"content":{"rendered":"<p><a href=\"http:\/\/paulorobertodaradio.com.br\/site\/wp-content\/uploads\/2014\/06\/banco01.jpg\"><img loading=\"lazy\" decoding=\"async\" class=\"size-full wp-image-2128 alignleft\" alt=\"banco01\" src=\"http:\/\/paulorobertodaradio.com.br\/site\/wp-content\/uploads\/2014\/06\/banco01.jpg\" width=\"450\" height=\"299\" srcset=\"http:\/\/paulorobertodaradio.com.br\/site\/wp-content\/uploads\/2014\/06\/banco01.jpg 450w, http:\/\/paulorobertodaradio.com.br\/site\/wp-content\/uploads\/2014\/06\/banco01-300x199.jpg 300w\" sizes=\"auto, (max-width: 450px) 100vw, 450px\" \/><\/a><br \/>\nPor volta de 17h15 deste domingo (8), um acidente com uma Kombi, na Pra\u00e7a Jo\u00e3o Pinheiro, deixou duas pessoas com ferimentos leves.<br \/>\nSegundo as informa\u00e7\u00f5es colhidas no local, o motorista tinha acabado de sair da Pra\u00e7a Jo\u00e3o Pinheiro, e perdeu o controle da Kombi, quando fazia o contorno na Pra\u00e7a, logo depois do Grande Hotel. Ele subiu com o ve\u00edculo na cal\u00e7ada, bateu em um banco e s\u00f3 parou porque bateu em em uma \u00e1rvore.<br \/>\nNo banco estava um senhor deitado, que foi lan\u00e7ado para o meio da rua, tendo ferimentos leves.<\/p>\n<p>J\u00e1 o motorista ficou preso dentro da Kombi, e foi retirado pelos profissionais do Samu, que socorreram os dois e encaminharam para o Hospital S\u00e3o Paulo.<br \/>\nO motorista teve duas costelas quebradas e deve passar por cirurgia.<\/p>\n<p>A Pol\u00edcia Militar compareceu ao local e fez o registo da ocorr\u00eancia e ficar\u00e1 a cargo da per\u00edcia t\u00e9cnica apurar as causas do acidente, que por pouco n\u00e3o causa uma trag\u00e9dia, j\u00e1 do outro lado da cal\u00e7ada estavam v\u00e1rias pessoas lanchando.<\/p>\n<p><a href=\"http:\/\/paulorobertodaradio.com.br\/site\/wp-content\/uploads\/2014\/06\/banco04.jpg\"><img loading=\"lazy\" decoding=\"async\" class=\"aligncenter size-full wp-image-2131\" alt=\"banco04\" src=\"http:\/\/paulorobertodaradio.com.br\/site\/wp-content\/uploads\/2014\/06\/banco04.jpg\" width=\"450\" height=\"299\" srcset=\"http:\/\/paulorobertodaradio.com.br\/site\/wp-content\/uploads\/2014\/06\/banco04.jpg 450w, http:\/\/paulorobertodaradio.com.br\/site\/wp-content\/uploads\/2014\/06\/banco04-300x199.jpg 300w\" sizes=\"auto, (max-width: 450px) 100vw, 450px\" \/><\/a> <a href=\"http:\/\/paulorobertodaradio.com.br\/site\/wp-content\/uploads\/2014\/06\/banco03.jpg\"><img loading=\"lazy\" decoding=\"async\" class=\"aligncenter size-full wp-image-2130\" alt=\"banco03\" src=\"http:\/\/paulorobertodaradio.com.br\/site\/wp-content\/uploads\/2014\/06\/banco03.jpg\" width=\"450\" height=\"299\" srcset=\"http:\/\/paulorobertodaradio.com.br\/site\/wp-content\/uploads\/2014\/06\/banco03.jpg 450w, http:\/\/paulorobertodaradio.com.br\/site\/wp-content\/uploads\/2014\/06\/banco03-300x199.jpg 300w\" sizes=\"auto, (max-width: 450px) 100vw, 450px\" \/><\/a> <a href=\"http:\/\/paulorobertodaradio.com.br\/site\/wp-content\/uploads\/2014\/06\/banco02.jpg\"><img loading=\"lazy\" decoding=\"async\" class=\"aligncenter size-full wp-image-2129\" alt=\"banco02\" src=\"http:\/\/paulorobertodaradio.com.br\/site\/wp-content\/uploads\/2014\/06\/banco02.jpg\" width=\"450\" height=\"299\" srcset=\"http:\/\/paulorobertodaradio.com.br\/site\/wp-content\/uploads\/2014\/06\/banco02.jpg 450w, http:\/\/paulorobertodaradio.com.br\/site\/wp-content\/uploads\/2014\/06\/banco02-300x199.jpg 300w\" sizes=\"auto, (max-width: 450px) 100vw, 450px\" \/><\/a><\/p>\n<p>&nbsp;<\/p>\n<p>Colabora\u00e7\u00e3o: interligadoonline.com.br<\/p>\n","protected":false},"excerpt":{"rendered":"<p>Por volta de 17h15 deste domingo (8), um acidente com uma Kombi, na Pra\u00e7a Jo\u00e3o Pinheiro, deixou duas pessoas com ferimentos leves. Segundo as informa\u00e7\u00f5es colhidas no local, o motorista tinha acabado de sair da Pra\u00e7a Jo\u00e3o Pinheiro, e perdeu o controle da Kombi, quando fazia o contorno na Pra\u00e7a, logo depois do Grande Hotel. [&hellip;]<\/p>\n","protected":false},"author":2,"featured_media":0,"comment_status":"open","ping_status":"open","sticky":false,"template":"","format":"standard","meta":{"footnotes":""},"categories":[1],"tags":[],"class_list":["post-2127","post","type-post","status-publish","format-standard","hentry","category-sem-categoria"],"_links":{"self":[{"href":"http:\/\/paulorobertodaradio.com.br\/site\/index.php?rest_route=\/wp\/v2\/posts\/2127","targetHints":{"allow":["GET"]}}],"collection":[{"href":"http:\/\/paulorobertodaradio.com.br\/site\/index.php?rest_route=\/wp\/v2\/posts"}],"about":[{"href":"http:\/\/paulorobertodaradio.com.br\/site\/index.php?rest_route=\/wp\/v2\/types\/post"}],"author":[{"embeddable":true,"href":"http:\/\/paulorobertodaradio.com.br\/site\/index.php?rest_route=\/wp\/v2\/users\/2"}],"replies":[{"embeddable":true,"href":"http:\/\/paulorobertodaradio.com.br\/site\/index.php?rest_route=%2Fwp%2Fv2%2Fcomments&post=2127"}],"version-history":[{"count":1,"href":"http:\/\/paulorobertodaradio.com.br\/site\/index.php?rest_route=\/wp\/v2\/posts\/2127\/revisions"}],"predecessor-version":[{"id":2132,"href":"http:\/\/paulorobertodaradio.com.br\/site\/index.php?rest_route=\/wp\/v2\/posts\/2127\/revisions\/2132"}],"wp:attachment":[{"href":"http:\/\/paulorobertodaradio.com.br\/site\/index.php?rest_route=%2Fwp%2Fv2%2Fmedia&parent=2127"}],"wp:term":[{"taxonomy":"category","embeddable":true,"href":"http:\/\/paulorobertodaradio.com.br\/site\/index.php?rest_route=%2Fwp%2Fv2%2Fcategories&post=2127"},{"taxonomy":"post_tag","embeddable":true,"href":"http:\/\/paulorobertodaradio.com.br\/site\/index.php?rest_route=%2Fwp%2Fv2%2Ftags&post=2127"}],"curies":[{"name":"wp","href":"https:\/\/api.w.org\/{rel}","templated":true}]}}