{"id":2133,"date":"2014-06-09T02:17:19","date_gmt":"2014-06-09T05:17:19","guid":{"rendered":"http:\/\/paulorobertodaradio.com.br\/site\/?p=2133"},"modified":"2014-06-09T02:17:19","modified_gmt":"2014-06-09T05:17:19","slug":"em-muriae-homem-e-baleado","status":"publish","type":"post","link":"http:\/\/paulorobertodaradio.com.br\/site\/?p=2133","title":{"rendered":"EM MURIA\u00c9: HOMEM \u00c9 BALEADO"},"content":{"rendered":"<p><span style=\"line-height: 1.714285714; font-size: 1rem;\"><a href=\"http:\/\/paulorobertodaradio.com.br\/site\/wp-content\/uploads\/2014\/06\/homem-baleadosj01.jpg\"><img loading=\"lazy\" decoding=\"async\" class=\"aligncenter size-full wp-image-2134\" alt=\"homem baleadosj01\" src=\"http:\/\/paulorobertodaradio.com.br\/site\/wp-content\/uploads\/2014\/06\/homem-baleadosj01.jpg\" width=\"450\" height=\"367\" srcset=\"http:\/\/paulorobertodaradio.com.br\/site\/wp-content\/uploads\/2014\/06\/homem-baleadosj01.jpg 450w, http:\/\/paulorobertodaradio.com.br\/site\/wp-content\/uploads\/2014\/06\/homem-baleadosj01-300x244.jpg 300w\" sizes=\"auto, (max-width: 450px) 100vw, 450px\" \/><\/a>Na tarde deste domingo (8), por volta de 16h50 a Pol\u00edcia Militar foi informada, via sala de opera\u00e7\u00f5es, de que um homem havia sido baleado, quando estava na quadra poliesportiva de uma escola no bairro \u00e3o Joaquim. De imediato a viatura comandada pelo Cabo Kaiser foi para o local e constatou que um homem, 31 anos estava vendo uns rapazes jogando, quando apareceram dois elementos em uma moto e atiraram em sua dire\u00e7\u00e3o, atingindo seu abd\u00f4men.<\/span><\/p>\n<p>A v\u00edtima foi socorrida pelo Samu, a principio em estado est\u00e1vel, n\u00e3o correndo rico de morte. Ele foi encaminhado ao Hospital S\u00e3o Paulo, e os militares fizeram rastreamento na tentativa de localizar os autores, mas sem \u00eaxito.<br \/>\nA homem, que \u00e9 vigia da escola, segundo informa\u00e7\u00f5es apuradas no local pela PM, havia tido uma desaven\u00e7a com alguns elementos do bairro, momentos antes. O caso ser\u00e1 registrado e passado para a Pol\u00edcia Civil, que deve investigar toda a situa\u00e7\u00e3o. Reportagem Cl\u00e1udio Cordeiro.<\/p>\n<p><a href=\"http:\/\/paulorobertodaradio.com.br\/site\/wp-content\/uploads\/2014\/06\/homem-baleadosj02.jpg\"><img loading=\"lazy\" decoding=\"async\" class=\"aligncenter size-full wp-image-2135\" alt=\"homem baleadosj02\" src=\"http:\/\/paulorobertodaradio.com.br\/site\/wp-content\/uploads\/2014\/06\/homem-baleadosj02.jpg\" width=\"450\" height=\"299\" srcset=\"http:\/\/paulorobertodaradio.com.br\/site\/wp-content\/uploads\/2014\/06\/homem-baleadosj02.jpg 450w, http:\/\/paulorobertodaradio.com.br\/site\/wp-content\/uploads\/2014\/06\/homem-baleadosj02-300x199.jpg 300w\" sizes=\"auto, (max-width: 450px) 100vw, 450px\" \/><\/a><\/p>\n","protected":false},"excerpt":{"rendered":"<p>Na tarde deste domingo (8), por volta de 16h50 a Pol\u00edcia Militar foi informada, via sala de opera\u00e7\u00f5es, de que um homem havia sido baleado, quando estava na quadra poliesportiva de uma escola no bairro \u00e3o Joaquim. De imediato a viatura comandada pelo Cabo Kaiser foi para o local e constatou que um homem, 31 [&hellip;]<\/p>\n","protected":false},"author":2,"featured_media":0,"comment_status":"open","ping_status":"open","sticky":false,"template":"","format":"standard","meta":{"footnotes":""},"categories":[1],"tags":[],"class_list":["post-2133","post","type-post","status-publish","format-standard","hentry","category-sem-categoria"],"_links":{"self":[{"href":"http:\/\/paulorobertodaradio.com.br\/site\/index.php?rest_route=\/wp\/v2\/posts\/2133","targetHints":{"allow":["GET"]}}],"collection":[{"href":"http:\/\/paulorobertodaradio.com.br\/site\/index.php?rest_route=\/wp\/v2\/posts"}],"about":[{"href":"http:\/\/paulorobertodaradio.com.br\/site\/index.php?rest_route=\/wp\/v2\/types\/post"}],"author":[{"embeddable":true,"href":"http:\/\/paulorobertodaradio.com.br\/site\/index.php?rest_route=\/wp\/v2\/users\/2"}],"replies":[{"embeddable":true,"href":"http:\/\/paulorobertodaradio.com.br\/site\/index.php?rest_route=%2Fwp%2Fv2%2Fcomments&post=2133"}],"version-history":[{"count":1,"href":"http:\/\/paulorobertodaradio.com.br\/site\/index.php?rest_route=\/wp\/v2\/posts\/2133\/revisions"}],"predecessor-version":[{"id":2136,"href":"http:\/\/paulorobertodaradio.com.br\/site\/index.php?rest_route=\/wp\/v2\/posts\/2133\/revisions\/2136"}],"wp:attachment":[{"href":"http:\/\/paulorobertodaradio.com.br\/site\/index.php?rest_route=%2Fwp%2Fv2%2Fmedia&parent=2133"}],"wp:term":[{"taxonomy":"category","embeddable":true,"href":"http:\/\/paulorobertodaradio.com.br\/site\/index.php?rest_route=%2Fwp%2Fv2%2Fcategories&post=2133"},{"taxonomy":"post_tag","embeddable":true,"href":"http:\/\/paulorobertodaradio.com.br\/site\/index.php?rest_route=%2Fwp%2Fv2%2Ftags&post=2133"}],"curies":[{"name":"wp","href":"https:\/\/api.w.org\/{rel}","templated":true}]}}