{"id":2137,"date":"2014-06-09T02:18:22","date_gmt":"2014-06-09T05:18:22","guid":{"rendered":"http:\/\/paulorobertodaradio.com.br\/site\/?p=2137"},"modified":"2014-06-09T02:18:22","modified_gmt":"2014-06-09T05:18:22","slug":"em-muriae-ciclista-bate-na-arvore-e-morre","status":"publish","type":"post","link":"http:\/\/paulorobertodaradio.com.br\/site\/?p=2137","title":{"rendered":"EM MURIA\u00c9: CICLISTA BATE NA \u00c1RVORE E MORRE"},"content":{"rendered":"<p><span style=\"line-height: 1.714285714; font-size: 1rem;\">Itamar Francisco Borges, de 28 anos, morreu na madrugada desta sexta-feira (06), ao colidir, em sua bicicleta, contra uma \u00e1rvore. O acidente aconteceu no Bairro S\u00e3o Joaquim, em Muria\u00e9. O socorro foi acionado, mas, quando os Bombeiros e o SAMU chegaram ao local, a v\u00edtima j\u00e1 estava morta, apresentando ferimentos na cabe\u00e7a. O corpo foi encaminhado ao IML.<\/span><\/p>\n","protected":false},"excerpt":{"rendered":"<p>Itamar Francisco Borges, de 28 anos, morreu na madrugada desta sexta-feira (06), ao colidir, em sua bicicleta, contra uma \u00e1rvore. O acidente aconteceu no Bairro S\u00e3o Joaquim, em Muria\u00e9. O socorro foi acionado, mas, quando os Bombeiros e o SAMU chegaram ao local, a v\u00edtima j\u00e1 estava morta, apresentando ferimentos na cabe\u00e7a. O corpo foi [&hellip;]<\/p>\n","protected":false},"author":2,"featured_media":0,"comment_status":"open","ping_status":"open","sticky":false,"template":"","format":"standard","meta":{"footnotes":""},"categories":[1],"tags":[],"class_list":["post-2137","post","type-post","status-publish","format-standard","hentry","category-sem-categoria"],"_links":{"self":[{"href":"http:\/\/paulorobertodaradio.com.br\/site\/index.php?rest_route=\/wp\/v2\/posts\/2137","targetHints":{"allow":["GET"]}}],"collection":[{"href":"http:\/\/paulorobertodaradio.com.br\/site\/index.php?rest_route=\/wp\/v2\/posts"}],"about":[{"href":"http:\/\/paulorobertodaradio.com.br\/site\/index.php?rest_route=\/wp\/v2\/types\/post"}],"author":[{"embeddable":true,"href":"http:\/\/paulorobertodaradio.com.br\/site\/index.php?rest_route=\/wp\/v2\/users\/2"}],"replies":[{"embeddable":true,"href":"http:\/\/paulorobertodaradio.com.br\/site\/index.php?rest_route=%2Fwp%2Fv2%2Fcomments&post=2137"}],"version-history":[{"count":1,"href":"http:\/\/paulorobertodaradio.com.br\/site\/index.php?rest_route=\/wp\/v2\/posts\/2137\/revisions"}],"predecessor-version":[{"id":2138,"href":"http:\/\/paulorobertodaradio.com.br\/site\/index.php?rest_route=\/wp\/v2\/posts\/2137\/revisions\/2138"}],"wp:attachment":[{"href":"http:\/\/paulorobertodaradio.com.br\/site\/index.php?rest_route=%2Fwp%2Fv2%2Fmedia&parent=2137"}],"wp:term":[{"taxonomy":"category","embeddable":true,"href":"http:\/\/paulorobertodaradio.com.br\/site\/index.php?rest_route=%2Fwp%2Fv2%2Fcategories&post=2137"},{"taxonomy":"post_tag","embeddable":true,"href":"http:\/\/paulorobertodaradio.com.br\/site\/index.php?rest_route=%2Fwp%2Fv2%2Ftags&post=2137"}],"curies":[{"name":"wp","href":"https:\/\/api.w.org\/{rel}","templated":true}]}}