{"id":2139,"date":"2014-06-09T23:58:52","date_gmt":"2014-06-10T02:58:52","guid":{"rendered":"http:\/\/paulorobertodaradio.com.br\/site\/?p=2139"},"modified":"2014-06-10T00:02:12","modified_gmt":"2014-06-10T03:02:12","slug":"em-muriae-assassinato-no-jose-cirilo-na-noite-desta-segunda","status":"publish","type":"post","link":"http:\/\/paulorobertodaradio.com.br\/site\/?p=2139","title":{"rendered":"EM MURIA\u00c9: ASSASSINATO NO JOS\u00c9 CIRILO NA NOITE DESTA SEGUNDA."},"content":{"rendered":"<p><span style=\"line-height: 1.714285714; font-size: 1rem;\"><a href=\"http:\/\/paulorobertodaradio.com.br\/site\/wp-content\/uploads\/2014\/06\/assass-jose-cirilo01.jpg\"><img loading=\"lazy\" decoding=\"async\" class=\"size-full wp-image-2140 alignleft\" alt=\"assass jose cirilo01\" src=\"http:\/\/paulorobertodaradio.com.br\/site\/wp-content\/uploads\/2014\/06\/assass-jose-cirilo01.jpg\" width=\"113\" height=\"154\" \/><\/a>Foi assassinado na noite desta segunda-feira, por volta das 21h30, Peter Tosh de Jesus Vieira, 24 anos, era conhecido como \u201cPita\u201d. O crime aconteceu no bairro Jos\u00e9 Cirilo onde o homem foi morto a tiros. O Corpo de Bombeiros foi chamado com urg\u00eancia, mas ao chegar ao local constatou que o rapaz j\u00e1 estava sem vida. V\u00e1rios militares foram at\u00e9 ao local do crime e agora faz o levantamento para ver o que aconteceu. Foi informado que o rapaz seria usu\u00e1rio de droga e tinha passagens pela pol\u00edcia, por furto.<a href=\"http:\/\/paulorobertodaradio.com.br\/site\/wp-content\/uploads\/2014\/06\/assass-jose-cirilo02.jpg\"><img loading=\"lazy\" decoding=\"async\" class=\"aligncenter size-full wp-image-2141\" alt=\"assass jose cirilo02\" src=\"http:\/\/paulorobertodaradio.com.br\/site\/wp-content\/uploads\/2014\/06\/assass-jose-cirilo02.jpg\" width=\"620\" height=\"465\" srcset=\"http:\/\/paulorobertodaradio.com.br\/site\/wp-content\/uploads\/2014\/06\/assass-jose-cirilo02.jpg 620w, http:\/\/paulorobertodaradio.com.br\/site\/wp-content\/uploads\/2014\/06\/assass-jose-cirilo02-300x225.jpg 300w\" sizes=\"auto, (max-width: 620px) 100vw, 620px\" \/><\/a><a href=\"http:\/\/paulorobertodaradio.com.br\/site\/wp-content\/uploads\/2014\/06\/assass-jose-cirilo03.jpg\"><img loading=\"lazy\" decoding=\"async\" class=\"aligncenter size-full wp-image-2142\" alt=\"assass jose cirilo03\" src=\"http:\/\/paulorobertodaradio.com.br\/site\/wp-content\/uploads\/2014\/06\/assass-jose-cirilo03.jpg\" width=\"620\" height=\"465\" srcset=\"http:\/\/paulorobertodaradio.com.br\/site\/wp-content\/uploads\/2014\/06\/assass-jose-cirilo03.jpg 620w, http:\/\/paulorobertodaradio.com.br\/site\/wp-content\/uploads\/2014\/06\/assass-jose-cirilo03-300x225.jpg 300w\" sizes=\"auto, (max-width: 620px) 100vw, 620px\" \/><\/a><\/span><\/p>\n<p>&nbsp;<\/p>\n<p>Colabora\u00e7\u00e3o: silvanalves.com.br<\/p>\n","protected":false},"excerpt":{"rendered":"<p>Foi assassinado na noite desta segunda-feira, por volta das 21h30, Peter Tosh de Jesus Vieira, 24 anos, era conhecido como \u201cPita\u201d. O crime aconteceu no bairro Jos\u00e9 Cirilo onde o homem foi morto a tiros. O Corpo de Bombeiros foi chamado com urg\u00eancia, mas ao chegar ao local constatou que o rapaz j\u00e1 estava sem [&hellip;]<\/p>\n","protected":false},"author":2,"featured_media":0,"comment_status":"open","ping_status":"open","sticky":false,"template":"","format":"standard","meta":{"footnotes":""},"categories":[1],"tags":[],"class_list":["post-2139","post","type-post","status-publish","format-standard","hentry","category-sem-categoria"],"_links":{"self":[{"href":"http:\/\/paulorobertodaradio.com.br\/site\/index.php?rest_route=\/wp\/v2\/posts\/2139","targetHints":{"allow":["GET"]}}],"collection":[{"href":"http:\/\/paulorobertodaradio.com.br\/site\/index.php?rest_route=\/wp\/v2\/posts"}],"about":[{"href":"http:\/\/paulorobertodaradio.com.br\/site\/index.php?rest_route=\/wp\/v2\/types\/post"}],"author":[{"embeddable":true,"href":"http:\/\/paulorobertodaradio.com.br\/site\/index.php?rest_route=\/wp\/v2\/users\/2"}],"replies":[{"embeddable":true,"href":"http:\/\/paulorobertodaradio.com.br\/site\/index.php?rest_route=%2Fwp%2Fv2%2Fcomments&post=2139"}],"version-history":[{"count":3,"href":"http:\/\/paulorobertodaradio.com.br\/site\/index.php?rest_route=\/wp\/v2\/posts\/2139\/revisions"}],"predecessor-version":[{"id":2144,"href":"http:\/\/paulorobertodaradio.com.br\/site\/index.php?rest_route=\/wp\/v2\/posts\/2139\/revisions\/2144"}],"wp:attachment":[{"href":"http:\/\/paulorobertodaradio.com.br\/site\/index.php?rest_route=%2Fwp%2Fv2%2Fmedia&parent=2139"}],"wp:term":[{"taxonomy":"category","embeddable":true,"href":"http:\/\/paulorobertodaradio.com.br\/site\/index.php?rest_route=%2Fwp%2Fv2%2Fcategories&post=2139"},{"taxonomy":"post_tag","embeddable":true,"href":"http:\/\/paulorobertodaradio.com.br\/site\/index.php?rest_route=%2Fwp%2Fv2%2Ftags&post=2139"}],"curies":[{"name":"wp","href":"https:\/\/api.w.org\/{rel}","templated":true}]}}