{"id":2324,"date":"2014-06-17T17:41:08","date_gmt":"2014-06-17T20:41:08","guid":{"rendered":"http:\/\/paulorobertodaradio.com.br\/site\/?p=2324"},"modified":"2014-06-17T17:42:28","modified_gmt":"2014-06-17T20:42:28","slug":"em-muriae-cidade-ja-recebe-sinal-digital-da-tv-integracao","status":"publish","type":"post","link":"http:\/\/paulorobertodaradio.com.br\/site\/?p=2324","title":{"rendered":"EM MURIA\u00c9: CIDADE J\u00c1 RECEBE SINAL DIGITAL DA TV INTEGRA\u00c7\u00c3O."},"content":{"rendered":"<p><a href=\"http:\/\/paulorobertodaradio.com.br\/site\/wp-content\/uploads\/2014\/06\/SINAL-INTEGRA\u00c7\u00c3O2.jpg\"><img loading=\"lazy\" decoding=\"async\" class=\"size-full wp-image-2326 alignleft\" alt=\"SINAL INTEGRA\u00c7\u00c3O2\" src=\"http:\/\/paulorobertodaradio.com.br\/site\/wp-content\/uploads\/2014\/06\/SINAL-INTEGRA\u00c7\u00c3O2.jpg\" width=\"277\" height=\"182\" \/><\/a><br \/>\n<a href=\"http:\/\/paulorobertodaradio.com.br\/site\/wp-content\/uploads\/2014\/06\/GLOBO02.jpg\"><img loading=\"lazy\" decoding=\"async\" class=\"size-full wp-image-2328 alignleft\" alt=\"GLOBO02\" src=\"http:\/\/paulorobertodaradio.com.br\/site\/wp-content\/uploads\/2014\/06\/GLOBO02.jpg\" width=\"299\" height=\"169\" \/><\/a>Os muriaeenses j\u00e1 podem assistir \u00e0 programa\u00e7\u00e3o regional da Rede Globo com qualidade digital. Em evento realizado na tarde desta ter\u00e7a-feira no Grande Hotel Muriahe, a TV Integra\u00e7\u00e3o &#8211; afiliada da emissora na Zona da Mata de Minas Gerais &#8211; lan\u00e7ou, em parceria com a prefeitura, a nova tecnologia na cidade.<\/p>\n<p>O sinal, que \u00e9 aberto e gratuito para a popula\u00e7\u00e3o, \u00e9 sintonizado atrav\u00e9s do canal 30 (em alguns aparelhos, pode funcionar no 25.1). Vale lembrar que os telespectadores precisam utilizar televis\u00f5es que sejam compat\u00edveis com a tecnologia, ou seja, que possuam conversores digitais.<\/p>\n<p>&#8220;Os aparelhos mais modernos, como os de LED, LCD e plasma, normalmente j\u00e1 v\u00eam de f\u00e1brica preparados para receber o sinal digital&#8221;, informa a coordenadora de vendas da TV Integra\u00e7\u00e3o, Ta\u00eds Alves. &#8220;Em algumas localidades mais distantes, pode ser necess\u00e1ria tamb\u00e9m uma antena UHF, que muitas pessoas j\u00e1 possuem em casa&#8221;, acrescenta. Vale lembrar que, por ora, o sinal \u00e9 captado apenas por antenas convencionais ou por operadoras de TV a cabo conveniadas com a emissora; j\u00e1 as parab\u00f3licas n\u00e3o s\u00e3o compat\u00edveis.<\/p>\n<p>De acordo com ela, al\u00e9m da imagem n\u00edtida e com mais defini\u00e7\u00e3o, o sinal digital tem como grande vantagem a portabilidade &#8211; o que significa que, a partir de agora, muriaeenses poder\u00e3o assistir \u00e0 programa\u00e7\u00e3o da TV Integra\u00e7\u00e3o em aparelhos port\u00e1teis, como televisores veiculares, telefones e tablets. &#8220;Desde que esses aparelhos suportem a tecnologia&#8221;, enfatiza.<\/p>\n<p><a href=\"http:\/\/paulorobertodaradio.com.br\/site\/wp-content\/uploads\/2014\/06\/SINAL-INTEGRA\u00c7\u00c3O.jpg\"><img loading=\"lazy\" decoding=\"async\" class=\"size-full wp-image-2325 alignleft\" alt=\"SINAL INTEGRA\u00c7\u00c3O\" src=\"http:\/\/paulorobertodaradio.com.br\/site\/wp-content\/uploads\/2014\/06\/SINAL-INTEGRA\u00c7\u00c3O.jpg\" width=\"270\" height=\"202\" \/><\/a>Apoio da Prefeitura<br \/>\nA implanta\u00e7\u00e3o do sinal digital da TV Integra\u00e7\u00e3o em Muria\u00e9 foi realizada atrav\u00e9s de parceria entre a emissora e a Prefeitura. &#8220;Desde o primeiro momento em que acenamos com a possibilidade de libera\u00e7\u00e3o do sinal para a cidade, a administra\u00e7\u00e3o municipal sempre nos deu total respaldo. O prefeito Aloysio Aquino e o vice Jo\u00e3o Ciribelli n\u00e3o mediram esfor\u00e7os para concretizar esta iniciativa e possibilitar a chegada do sinal digital aberto para toda a popula\u00e7\u00e3o&#8221;, destaca Ta\u00eds.<\/p>\n<p><a href=\"http:\/\/paulorobertodaradio.com.br\/site\/wp-content\/uploads\/2014\/06\/SINAL-INTEGRA\u00c7\u00c3O.jpg\"><br \/>\n<\/a><\/p>\n","protected":false},"excerpt":{"rendered":"<p>Os muriaeenses j\u00e1 podem assistir \u00e0 programa\u00e7\u00e3o regional da Rede Globo com qualidade digital. Em evento realizado na tarde desta ter\u00e7a-feira no Grande Hotel Muriahe, a TV Integra\u00e7\u00e3o &#8211; afiliada da emissora na Zona da Mata de Minas Gerais &#8211; lan\u00e7ou, em parceria com a prefeitura, a nova tecnologia na cidade. O sinal, que \u00e9 [&hellip;]<\/p>\n","protected":false},"author":2,"featured_media":0,"comment_status":"open","ping_status":"open","sticky":false,"template":"","format":"standard","meta":{"footnotes":""},"categories":[1],"tags":[],"class_list":["post-2324","post","type-post","status-publish","format-standard","hentry","category-sem-categoria"],"_links":{"self":[{"href":"http:\/\/paulorobertodaradio.com.br\/site\/index.php?rest_route=\/wp\/v2\/posts\/2324","targetHints":{"allow":["GET"]}}],"collection":[{"href":"http:\/\/paulorobertodaradio.com.br\/site\/index.php?rest_route=\/wp\/v2\/posts"}],"about":[{"href":"http:\/\/paulorobertodaradio.com.br\/site\/index.php?rest_route=\/wp\/v2\/types\/post"}],"author":[{"embeddable":true,"href":"http:\/\/paulorobertodaradio.com.br\/site\/index.php?rest_route=\/wp\/v2\/users\/2"}],"replies":[{"embeddable":true,"href":"http:\/\/paulorobertodaradio.com.br\/site\/index.php?rest_route=%2Fwp%2Fv2%2Fcomments&post=2324"}],"version-history":[{"count":3,"href":"http:\/\/paulorobertodaradio.com.br\/site\/index.php?rest_route=\/wp\/v2\/posts\/2324\/revisions"}],"predecessor-version":[{"id":2330,"href":"http:\/\/paulorobertodaradio.com.br\/site\/index.php?rest_route=\/wp\/v2\/posts\/2324\/revisions\/2330"}],"wp:attachment":[{"href":"http:\/\/paulorobertodaradio.com.br\/site\/index.php?rest_route=%2Fwp%2Fv2%2Fmedia&parent=2324"}],"wp:term":[{"taxonomy":"category","embeddable":true,"href":"http:\/\/paulorobertodaradio.com.br\/site\/index.php?rest_route=%2Fwp%2Fv2%2Fcategories&post=2324"},{"taxonomy":"post_tag","embeddable":true,"href":"http:\/\/paulorobertodaradio.com.br\/site\/index.php?rest_route=%2Fwp%2Fv2%2Ftags&post=2324"}],"curies":[{"name":"wp","href":"https:\/\/api.w.org\/{rel}","templated":true}]}}