{"id":2332,"date":"2014-06-17T17:55:48","date_gmt":"2014-06-17T20:55:48","guid":{"rendered":"http:\/\/paulorobertodaradio.com.br\/site\/?p=2332"},"modified":"2014-06-17T17:55:48","modified_gmt":"2014-06-17T20:55:48","slug":"em-muriae-moradias-do-dornelas-ii-serao-sorteadas-nesta-quarta","status":"publish","type":"post","link":"http:\/\/paulorobertodaradio.com.br\/site\/?p=2332","title":{"rendered":"EM MURIA\u00c9: MORADIAS DO DORNELAS II SER\u00c3O SORTEADAS NESTA QUARTA"},"content":{"rendered":"<p><a href=\"http:\/\/paulorobertodaradio.com.br\/site\/wp-content\/uploads\/2014\/06\/DORNELAS-MORADIA.jpg\"><img loading=\"lazy\" decoding=\"async\" class=\"size-full wp-image-2333 alignleft\" alt=\"DORNELAS MORADIA\" src=\"http:\/\/paulorobertodaradio.com.br\/site\/wp-content\/uploads\/2014\/06\/DORNELAS-MORADIA.jpg\" width=\"270\" height=\"180\" \/><\/a><\/p>\n<p>O sonho da casa pr\u00f3pria vai se realizar para 160 fam\u00edlias muriaeenses. A Prefeitura de Muria\u00e9 e a Caixa Econ\u00f4mica Federal promovem, nesta quarta-feira, o sorteio dos apartamentos do Residencial Jo\u00e3o Braz, localizado no bairro Dornelas II. O evento acontece no gin\u00e1sio da Pra\u00e7a Paulo de Oliveira Carvalho, na Barra, \u00e0s 14h.<\/p>\n<p>&#8211; \u00c9 com muita satisfa\u00e7\u00e3o que faremos este sorteio, pois ele representa um passo importante para que as fam\u00edlias conquistem seus apartamentos. A partir da\u00ed, nos prepararemos para a inaugura\u00e7\u00e3o do residencial e a entrega definitiva dos im\u00f3veis &#8211; afirma o prefeito Aloysio Aquino.<\/p>\n<p>Constru\u00eddo a partir do programa &#8220;Minha Casa, Minha Vida&#8221;, o Residencial Jo\u00e3o Braz \u00e9 formado 10 pr\u00e9dios de quatro andares, totalizando 160 apartamentos. Cada moradia conta com sala, cozinha, banheiro, \u00e1rea de servi\u00e7o e dois quartos, al\u00e9m de local pr\u00f3prio para estacionamento. Al\u00e9m disso, os futuros moradores ter\u00e3o quadra poliesportiva e \u00e1rea de conviv\u00eancia para a realiza\u00e7\u00e3o de atividades e eventos.<\/p>\n<p>A infraestrutura do local tamb\u00e9m est\u00e1 pronta, com reservat\u00f3rio pr\u00f3prio de \u00e1gua e redes sanit\u00e1rias conclu\u00eddas. J\u00e1 a rua de acesso ao residencial foi totalmente pavimentada durante a \u00faltima etapa das obras de asfaltamento em Muria\u00e9.<\/p>\n<p>Fonte: assessoria prefeitura de Muria\u00e9<\/p>\n","protected":false},"excerpt":{"rendered":"<p>O sonho da casa pr\u00f3pria vai se realizar para 160 fam\u00edlias muriaeenses. A Prefeitura de Muria\u00e9 e a Caixa Econ\u00f4mica Federal promovem, nesta quarta-feira, o sorteio dos apartamentos do Residencial Jo\u00e3o Braz, localizado no bairro Dornelas II. O evento acontece no gin\u00e1sio da Pra\u00e7a Paulo de Oliveira Carvalho, na Barra, \u00e0s 14h. &#8211; \u00c9 com [&hellip;]<\/p>\n","protected":false},"author":2,"featured_media":0,"comment_status":"open","ping_status":"open","sticky":false,"template":"","format":"standard","meta":{"footnotes":""},"categories":[1],"tags":[],"class_list":["post-2332","post","type-post","status-publish","format-standard","hentry","category-sem-categoria"],"_links":{"self":[{"href":"http:\/\/paulorobertodaradio.com.br\/site\/index.php?rest_route=\/wp\/v2\/posts\/2332","targetHints":{"allow":["GET"]}}],"collection":[{"href":"http:\/\/paulorobertodaradio.com.br\/site\/index.php?rest_route=\/wp\/v2\/posts"}],"about":[{"href":"http:\/\/paulorobertodaradio.com.br\/site\/index.php?rest_route=\/wp\/v2\/types\/post"}],"author":[{"embeddable":true,"href":"http:\/\/paulorobertodaradio.com.br\/site\/index.php?rest_route=\/wp\/v2\/users\/2"}],"replies":[{"embeddable":true,"href":"http:\/\/paulorobertodaradio.com.br\/site\/index.php?rest_route=%2Fwp%2Fv2%2Fcomments&post=2332"}],"version-history":[{"count":1,"href":"http:\/\/paulorobertodaradio.com.br\/site\/index.php?rest_route=\/wp\/v2\/posts\/2332\/revisions"}],"predecessor-version":[{"id":2334,"href":"http:\/\/paulorobertodaradio.com.br\/site\/index.php?rest_route=\/wp\/v2\/posts\/2332\/revisions\/2334"}],"wp:attachment":[{"href":"http:\/\/paulorobertodaradio.com.br\/site\/index.php?rest_route=%2Fwp%2Fv2%2Fmedia&parent=2332"}],"wp:term":[{"taxonomy":"category","embeddable":true,"href":"http:\/\/paulorobertodaradio.com.br\/site\/index.php?rest_route=%2Fwp%2Fv2%2Fcategories&post=2332"},{"taxonomy":"post_tag","embeddable":true,"href":"http:\/\/paulorobertodaradio.com.br\/site\/index.php?rest_route=%2Fwp%2Fv2%2Ftags&post=2332"}],"curies":[{"name":"wp","href":"https:\/\/api.w.org\/{rel}","templated":true}]}}