{"id":2335,"date":"2014-06-18T01:31:11","date_gmt":"2014-06-18T04:31:11","guid":{"rendered":"http:\/\/paulorobertodaradio.com.br\/site\/?p=2335"},"modified":"2014-06-18T01:31:11","modified_gmt":"2014-06-18T04:31:11","slug":"em-muriae-homicidio-no-sao-cristovao","status":"publish","type":"post","link":"http:\/\/paulorobertodaradio.com.br\/site\/?p=2335","title":{"rendered":"EM MURIA\u00c9: HOMIC\u00cdDIO NO S\u00c3O CRIST\u00d3V\u00c3O"},"content":{"rendered":"<p><span style=\"line-height: 1.714285714; font-size: 1rem;\"><a href=\"http:\/\/paulorobertodaradio.com.br\/site\/wp-content\/uploads\/2014\/06\/homicidio-s-cristovao.jpg\"><img loading=\"lazy\" decoding=\"async\" class=\"size-full wp-image-2336 alignleft\" alt=\"homicidio s cristovao\" src=\"http:\/\/paulorobertodaradio.com.br\/site\/wp-content\/uploads\/2014\/06\/homicidio-s-cristovao.jpg\" width=\"450\" height=\"376\" srcset=\"http:\/\/paulorobertodaradio.com.br\/site\/wp-content\/uploads\/2014\/06\/homicidio-s-cristovao.jpg 450w, http:\/\/paulorobertodaradio.com.br\/site\/wp-content\/uploads\/2014\/06\/homicidio-s-cristovao-300x250.jpg 300w\" sizes=\"auto, (max-width: 450px) 100vw, 450px\" \/><\/a>No final da tarde desta ter\u00e7a-feira (17), por volta de 18h10 a Pol\u00edcia foi informada de que havia ocorrido um homic\u00eddio no bairro S\u00e3o Crist\u00f3v\u00e3o. Ao chegarem no local, os militares foram informados que a v\u00edtima havia sido socorrida por populares, mas j\u00e1 deu entrada sem vida no Hospital S\u00e3o Paulo.<\/span><\/p>\n<p>As informa\u00e7\u00f5es apuradas foram de que a v\u00edtima, Paulo Roberto Ferreira Baca, 31 anos, conhecido por Bet\u00e3o, natural de Duque de Caxias\/RJ, que vendia churrasquinho na porta de um bar na Avenida Professor Jos\u00e9 L\u00facio Gusman, no alto do bairro S\u00e3o Crist\u00f3v\u00e3o, foi surpreendida pelo autor que o atingiu com tr\u00eas tiros disparados de uma curta dist\u00e2ncia. Ele foi socorrido rapidamente, mas n\u00e3o resistiu. O autor fugiu e a Pol\u00edcia Militar faz rastreamentos, com as informa\u00e7\u00f5es obtidas para tentar localiz\u00e1-lo.<br \/>\nA Pericia T\u00e9cnica foi ao local, realizou os trabalhos de praxe para depois emitir os laudos relativos ao fato.<\/p>\n<p>Colabora\u00e7\u00e3o: interligadoonline.com.br<\/p>\n","protected":false},"excerpt":{"rendered":"<p>No final da tarde desta ter\u00e7a-feira (17), por volta de 18h10 a Pol\u00edcia foi informada de que havia ocorrido um homic\u00eddio no bairro S\u00e3o Crist\u00f3v\u00e3o. Ao chegarem no local, os militares foram informados que a v\u00edtima havia sido socorrida por populares, mas j\u00e1 deu entrada sem vida no Hospital S\u00e3o Paulo. As informa\u00e7\u00f5es apuradas foram [&hellip;]<\/p>\n","protected":false},"author":2,"featured_media":0,"comment_status":"open","ping_status":"open","sticky":false,"template":"","format":"standard","meta":{"footnotes":""},"categories":[1],"tags":[],"class_list":["post-2335","post","type-post","status-publish","format-standard","hentry","category-sem-categoria"],"_links":{"self":[{"href":"http:\/\/paulorobertodaradio.com.br\/site\/index.php?rest_route=\/wp\/v2\/posts\/2335","targetHints":{"allow":["GET"]}}],"collection":[{"href":"http:\/\/paulorobertodaradio.com.br\/site\/index.php?rest_route=\/wp\/v2\/posts"}],"about":[{"href":"http:\/\/paulorobertodaradio.com.br\/site\/index.php?rest_route=\/wp\/v2\/types\/post"}],"author":[{"embeddable":true,"href":"http:\/\/paulorobertodaradio.com.br\/site\/index.php?rest_route=\/wp\/v2\/users\/2"}],"replies":[{"embeddable":true,"href":"http:\/\/paulorobertodaradio.com.br\/site\/index.php?rest_route=%2Fwp%2Fv2%2Fcomments&post=2335"}],"version-history":[{"count":1,"href":"http:\/\/paulorobertodaradio.com.br\/site\/index.php?rest_route=\/wp\/v2\/posts\/2335\/revisions"}],"predecessor-version":[{"id":2337,"href":"http:\/\/paulorobertodaradio.com.br\/site\/index.php?rest_route=\/wp\/v2\/posts\/2335\/revisions\/2337"}],"wp:attachment":[{"href":"http:\/\/paulorobertodaradio.com.br\/site\/index.php?rest_route=%2Fwp%2Fv2%2Fmedia&parent=2335"}],"wp:term":[{"taxonomy":"category","embeddable":true,"href":"http:\/\/paulorobertodaradio.com.br\/site\/index.php?rest_route=%2Fwp%2Fv2%2Fcategories&post=2335"},{"taxonomy":"post_tag","embeddable":true,"href":"http:\/\/paulorobertodaradio.com.br\/site\/index.php?rest_route=%2Fwp%2Fv2%2Ftags&post=2335"}],"curies":[{"name":"wp","href":"https:\/\/api.w.org\/{rel}","templated":true}]}}