{"id":2338,"date":"2014-06-18T23:37:55","date_gmt":"2014-06-19T02:37:55","guid":{"rendered":"http:\/\/paulorobertodaradio.com.br\/site\/?p=2338"},"modified":"2014-06-18T23:52:35","modified_gmt":"2014-06-19T02:52:35","slug":"em-miradouro-pm-apreende-menor-com-drogas","status":"publish","type":"post","link":"http:\/\/paulorobertodaradio.com.br\/site\/?p=2338","title":{"rendered":"EM MIRADOURO: PM APREENDE MENOR COM DROGAS"},"content":{"rendered":"<p><a style=\"line-height: 1.714285714; font-size: 1rem;\" href=\"http:\/\/paulorobertodaradio.com.br\/site\/wp-content\/uploads\/2014\/06\/DROGAS-MENOR01.jpg\"><img loading=\"lazy\" decoding=\"async\" class=\"aligncenter size-full wp-image-2339\" alt=\"DROGAS MENOR01\" src=\"http:\/\/paulorobertodaradio.com.br\/site\/wp-content\/uploads\/2014\/06\/DROGAS-MENOR01.jpg\" width=\"960\" height=\"720\" srcset=\"http:\/\/paulorobertodaradio.com.br\/site\/wp-content\/uploads\/2014\/06\/DROGAS-MENOR01.jpg 960w, http:\/\/paulorobertodaradio.com.br\/site\/wp-content\/uploads\/2014\/06\/DROGAS-MENOR01-300x225.jpg 300w, http:\/\/paulorobertodaradio.com.br\/site\/wp-content\/uploads\/2014\/06\/DROGAS-MENOR01-624x468.jpg 624w\" sizes=\"auto, (max-width: 960px) 100vw, 960px\" \/><\/a><br \/>\nDurante \u201cOpera\u00e7\u00e3o Anti-Drogas\u201d realizada na noite desta ter\u00e7a-feira (17) Policiais Militares de Miradouro patrulhavam a Rua Guedes Morais, Centro da cidade, quando avistaram v\u00e1rios usu\u00e1rios de drogas no escad\u00e3o da Guedes Morais que ao perceber a presen\u00e7a da viatura evadiram. Os Militares deslocaram ao local e apreenderam um menor infrator por tr\u00e1fico de drogas, com ele estava uma sacola contendo 73 pedras de Crack, 05 buchas de maconha, 01 rel\u00f3gio de pulso de proced\u00eancia duvidosa, 01 celular contendo fotos do infrator e amigos ostentando armas de fogo, v\u00e1rios sacol\u00e9s utilizados para embalar drogas e R$ 161,00 reais em dinheiro. No local tamb\u00e9m foi detido um usu\u00e1rio de drogas.<\/p>\n<p>O menor infrator foi encaminhado juntamente com sua tia \u201cRepresentante Legal\u201d at\u00e9 a DPJ de plant\u00e3o em Muria\u00e9, onde foi apresentado ao delegado, que por coincid\u00eancia era o delegado titular de Miradouro Dr. Tayrony, que j\u00e1 conhecia a vida pregressa e o envolvimento do menor no mundo do crime, inclusive do seu envolvimento com a quadrilha que cobrava ped\u00e1gio, realizou a ratifica\u00e7\u00e3o do flagrante mantendo o menor infrator detido na cadeia at\u00e9 a sua apresenta\u00e7\u00e3o ao Juiz de Miradouro.<a href=\"http:\/\/paulorobertodaradio.com.br\/site\/wp-content\/uploads\/2014\/06\/DROGAS-MENOR02.jpg\"><img loading=\"lazy\" decoding=\"async\" class=\"aligncenter size-full wp-image-2340\" alt=\"DROGAS MENOR02\" src=\"http:\/\/paulorobertodaradio.com.br\/site\/wp-content\/uploads\/2014\/06\/DROGAS-MENOR02.jpg\" width=\"960\" height=\"720\" srcset=\"http:\/\/paulorobertodaradio.com.br\/site\/wp-content\/uploads\/2014\/06\/DROGAS-MENOR02.jpg 960w, http:\/\/paulorobertodaradio.com.br\/site\/wp-content\/uploads\/2014\/06\/DROGAS-MENOR02-300x225.jpg 300w, http:\/\/paulorobertodaradio.com.br\/site\/wp-content\/uploads\/2014\/06\/DROGAS-MENOR02-624x468.jpg 624w\" sizes=\"auto, (max-width: 960px) 100vw, 960px\" \/><\/a> <a href=\"http:\/\/paulorobertodaradio.com.br\/site\/wp-content\/uploads\/2014\/06\/DROGAS-MENOR03.jpg\"><img loading=\"lazy\" decoding=\"async\" class=\"aligncenter size-full wp-image-2341\" alt=\"DROGAS MENOR03\" src=\"http:\/\/paulorobertodaradio.com.br\/site\/wp-content\/uploads\/2014\/06\/DROGAS-MENOR03.jpg\" width=\"960\" height=\"720\" srcset=\"http:\/\/paulorobertodaradio.com.br\/site\/wp-content\/uploads\/2014\/06\/DROGAS-MENOR03.jpg 960w, http:\/\/paulorobertodaradio.com.br\/site\/wp-content\/uploads\/2014\/06\/DROGAS-MENOR03-300x225.jpg 300w, http:\/\/paulorobertodaradio.com.br\/site\/wp-content\/uploads\/2014\/06\/DROGAS-MENOR03-624x468.jpg 624w\" sizes=\"auto, (max-width: 960px) 100vw, 960px\" \/><\/a><\/p>\n<p>Colabora\u00e7\u00e3o: miradouronoticias.com<\/p>\n","protected":false},"excerpt":{"rendered":"<p>Durante \u201cOpera\u00e7\u00e3o Anti-Drogas\u201d realizada na noite desta ter\u00e7a-feira (17) Policiais Militares de Miradouro patrulhavam a Rua Guedes Morais, Centro da cidade, quando avistaram v\u00e1rios usu\u00e1rios de drogas no escad\u00e3o da Guedes Morais que ao perceber a presen\u00e7a da viatura evadiram. Os Militares deslocaram ao local e apreenderam um menor infrator por tr\u00e1fico de drogas, com [&hellip;]<\/p>\n","protected":false},"author":2,"featured_media":0,"comment_status":"open","ping_status":"open","sticky":false,"template":"","format":"standard","meta":{"footnotes":""},"categories":[1],"tags":[],"class_list":["post-2338","post","type-post","status-publish","format-standard","hentry","category-sem-categoria"],"_links":{"self":[{"href":"http:\/\/paulorobertodaradio.com.br\/site\/index.php?rest_route=\/wp\/v2\/posts\/2338","targetHints":{"allow":["GET"]}}],"collection":[{"href":"http:\/\/paulorobertodaradio.com.br\/site\/index.php?rest_route=\/wp\/v2\/posts"}],"about":[{"href":"http:\/\/paulorobertodaradio.com.br\/site\/index.php?rest_route=\/wp\/v2\/types\/post"}],"author":[{"embeddable":true,"href":"http:\/\/paulorobertodaradio.com.br\/site\/index.php?rest_route=\/wp\/v2\/users\/2"}],"replies":[{"embeddable":true,"href":"http:\/\/paulorobertodaradio.com.br\/site\/index.php?rest_route=%2Fwp%2Fv2%2Fcomments&post=2338"}],"version-history":[{"count":3,"href":"http:\/\/paulorobertodaradio.com.br\/site\/index.php?rest_route=\/wp\/v2\/posts\/2338\/revisions"}],"predecessor-version":[{"id":2343,"href":"http:\/\/paulorobertodaradio.com.br\/site\/index.php?rest_route=\/wp\/v2\/posts\/2338\/revisions\/2343"}],"wp:attachment":[{"href":"http:\/\/paulorobertodaradio.com.br\/site\/index.php?rest_route=%2Fwp%2Fv2%2Fmedia&parent=2338"}],"wp:term":[{"taxonomy":"category","embeddable":true,"href":"http:\/\/paulorobertodaradio.com.br\/site\/index.php?rest_route=%2Fwp%2Fv2%2Fcategories&post=2338"},{"taxonomy":"post_tag","embeddable":true,"href":"http:\/\/paulorobertodaradio.com.br\/site\/index.php?rest_route=%2Fwp%2Fv2%2Ftags&post=2338"}],"curies":[{"name":"wp","href":"https:\/\/api.w.org\/{rel}","templated":true}]}}