{"id":2350,"date":"2014-06-19T09:26:11","date_gmt":"2014-06-19T12:26:11","guid":{"rendered":"http:\/\/paulorobertodaradio.com.br\/site\/?p=2350"},"modified":"2014-06-19T09:27:16","modified_gmt":"2014-06-19T12:27:16","slug":"em-muriae-policia-civil-apreende-carro-clonado-e-prende-proprietario","status":"publish","type":"post","link":"http:\/\/paulorobertodaradio.com.br\/site\/?p=2350","title":{"rendered":"EM MURIA\u00c9: POL\u00cdCIA CIVIL APREENDE CARRO CLONADO E PRENDE PROPRIET\u00c1RIO"},"content":{"rendered":"<p style=\"text-align: left;\"><span style=\"line-height: 1.714285714; font-size: 1rem;\"><a href=\"http:\/\/paulorobertodaradio.com.br\/site\/wp-content\/uploads\/2014\/06\/carro-clon-01.jpg\"><img loading=\"lazy\" decoding=\"async\" class=\"size-full wp-image-2351 alignleft\" alt=\"carro clon 01\" src=\"http:\/\/paulorobertodaradio.com.br\/site\/wp-content\/uploads\/2014\/06\/carro-clon-01.jpg\" width=\"450\" height=\"299\" srcset=\"http:\/\/paulorobertodaradio.com.br\/site\/wp-content\/uploads\/2014\/06\/carro-clon-01.jpg 450w, http:\/\/paulorobertodaradio.com.br\/site\/wp-content\/uploads\/2014\/06\/carro-clon-01-300x199.jpg 300w\" sizes=\"auto, (max-width: 450px) 100vw, 450px\" \/><\/a>Na tarde desta quarta-feira (18), investigadores da Pol\u00edcia Civil da delegacia do Safira, desconfiaram de um ve\u00edculo Kia Cerato, com placas de Belo Horizonte, que passou para Avenida Silv\u00e9rio Campos, pois j\u00e1 tinham informa\u00e7\u00f5es de um ve\u00edculo com as mesmas caracter\u00edstica que seria clonado.<\/span><\/p>\n<p>Os investigadores conseguiram abordar o motorista do carro, na rua Silas Macedo, no Safira, e j\u00e1 na delegacia, ap\u00f3s uma vistoria minuciosa, descobriram que o carro era clonado, estava com o n\u00famero do chassi e placas adulteradas e tudo pertence a um ve\u00edculo do mesmo modelo, roubado no Rio de Janeiro.<\/p>\n<p>O carro foi apreendido o propriet\u00e1rio, que informou ter comprado o carro por R$ 15 mil reais, para pagar o restante futuramente, em Campos no Rio de Janeiro.<br \/>\nO carro tem uma perfura\u00e7\u00e3o de tiro no para-brisas, que segundo o \u201cpropriet\u00e1rio\u201d, vou proveniente de tiros disparados contra uma outra pessoa, e atingiram seu carro que estava estacionado. Ap\u00f3s o registro da ocorr\u00eancia ele foi encaminhado ao Pres\u00eddio Safira.<\/p>\n<p><a href=\"http:\/\/paulorobertodaradio.com.br\/site\/wp-content\/uploads\/2014\/06\/carro-clon-02.jpg\"><img loading=\"lazy\" decoding=\"async\" class=\"aligncenter size-full wp-image-2352\" alt=\"carro clon 02\" src=\"http:\/\/paulorobertodaradio.com.br\/site\/wp-content\/uploads\/2014\/06\/carro-clon-02.jpg\" width=\"450\" height=\"337\" srcset=\"http:\/\/paulorobertodaradio.com.br\/site\/wp-content\/uploads\/2014\/06\/carro-clon-02.jpg 450w, http:\/\/paulorobertodaradio.com.br\/site\/wp-content\/uploads\/2014\/06\/carro-clon-02-300x224.jpg 300w\" sizes=\"auto, (max-width: 450px) 100vw, 450px\" \/><\/a><\/p>\n<p>&nbsp;<\/p>\n<p>Colabora\u00e7\u00e3o: interligadoonline.com<\/p>\n","protected":false},"excerpt":{"rendered":"<p>Na tarde desta quarta-feira (18), investigadores da Pol\u00edcia Civil da delegacia do Safira, desconfiaram de um ve\u00edculo Kia Cerato, com placas de Belo Horizonte, que passou para Avenida Silv\u00e9rio Campos, pois j\u00e1 tinham informa\u00e7\u00f5es de um ve\u00edculo com as mesmas caracter\u00edstica que seria clonado. Os investigadores conseguiram abordar o motorista do carro, na rua Silas [&hellip;]<\/p>\n","protected":false},"author":2,"featured_media":0,"comment_status":"open","ping_status":"open","sticky":false,"template":"","format":"standard","meta":{"footnotes":""},"categories":[1],"tags":[],"class_list":["post-2350","post","type-post","status-publish","format-standard","hentry","category-sem-categoria"],"_links":{"self":[{"href":"http:\/\/paulorobertodaradio.com.br\/site\/index.php?rest_route=\/wp\/v2\/posts\/2350","targetHints":{"allow":["GET"]}}],"collection":[{"href":"http:\/\/paulorobertodaradio.com.br\/site\/index.php?rest_route=\/wp\/v2\/posts"}],"about":[{"href":"http:\/\/paulorobertodaradio.com.br\/site\/index.php?rest_route=\/wp\/v2\/types\/post"}],"author":[{"embeddable":true,"href":"http:\/\/paulorobertodaradio.com.br\/site\/index.php?rest_route=\/wp\/v2\/users\/2"}],"replies":[{"embeddable":true,"href":"http:\/\/paulorobertodaradio.com.br\/site\/index.php?rest_route=%2Fwp%2Fv2%2Fcomments&post=2350"}],"version-history":[{"count":3,"href":"http:\/\/paulorobertodaradio.com.br\/site\/index.php?rest_route=\/wp\/v2\/posts\/2350\/revisions"}],"predecessor-version":[{"id":2355,"href":"http:\/\/paulorobertodaradio.com.br\/site\/index.php?rest_route=\/wp\/v2\/posts\/2350\/revisions\/2355"}],"wp:attachment":[{"href":"http:\/\/paulorobertodaradio.com.br\/site\/index.php?rest_route=%2Fwp%2Fv2%2Fmedia&parent=2350"}],"wp:term":[{"taxonomy":"category","embeddable":true,"href":"http:\/\/paulorobertodaradio.com.br\/site\/index.php?rest_route=%2Fwp%2Fv2%2Fcategories&post=2350"},{"taxonomy":"post_tag","embeddable":true,"href":"http:\/\/paulorobertodaradio.com.br\/site\/index.php?rest_route=%2Fwp%2Fv2%2Ftags&post=2350"}],"curies":[{"name":"wp","href":"https:\/\/api.w.org\/{rel}","templated":true}]}}