{"id":2356,"date":"2014-06-19T09:31:28","date_gmt":"2014-06-19T12:31:28","guid":{"rendered":"http:\/\/paulorobertodaradio.com.br\/site\/?p=2356"},"modified":"2014-06-19T09:31:28","modified_gmt":"2014-06-19T12:31:28","slug":"em-muriae-dupla-e-presa-apos-assalto-a-posto-de-combustiveis-no-centro","status":"publish","type":"post","link":"http:\/\/paulorobertodaradio.com.br\/site\/?p=2356","title":{"rendered":"EM MURIA\u00c9: DUPLA \u00c9 PRESA AP\u00d3S ASSALTO A POSTO DE COMBUST\u00cdVEIS  NO CENTRO"},"content":{"rendered":"<p><span style=\"line-height: 1.714285714; font-size: 1rem;\"><a href=\"http:\/\/paulorobertodaradio.com.br\/site\/wp-content\/uploads\/2014\/06\/assalto-posto02.jpg\"><img loading=\"lazy\" decoding=\"async\" class=\"size-full wp-image-2357 alignleft\" alt=\"assalto posto02\" src=\"http:\/\/paulorobertodaradio.com.br\/site\/wp-content\/uploads\/2014\/06\/assalto-posto02.jpg\" width=\"236\" height=\"400\" srcset=\"http:\/\/paulorobertodaradio.com.br\/site\/wp-content\/uploads\/2014\/06\/assalto-posto02.jpg 236w, http:\/\/paulorobertodaradio.com.br\/site\/wp-content\/uploads\/2014\/06\/assalto-posto02-177x300.jpg 177w\" sizes=\"auto, (max-width: 236px) 100vw, 236px\" \/><\/a>Na tarde de ter\u00e7a-feira (17), a Pol\u00edcia Militar foi informada que dois elementos haviam rendidos os frentistas de um posto de combust\u00edveis, no Centro e de arma em punho, um deles disse: \u201c perdeu, perdeu, cad\u00ea o dinheiro, eu quero o dinheiro. Me d\u00e1 mais. Eu quero o resto. Me da o resto\u201d. Levando o dinheiro que estava com os tr\u00eas frentistas e sa\u00edram correndo sentido a Avenida Juscelino Kubitschek. A dupla acabou presa pela PM ap\u00f3s o assalto.<\/span><br \/>\nAs viaturas do turno foram avisadas e uma delas localizou um dos autores correndo, j\u00e1 pela BR 356, pr\u00f3ximo a passarela do Ros\u00e1rio. Ele foi abordado e na sua cueca estavam R$ 484 reais e dois recibos de pagamento com cart\u00e3o de cr\u00e9dito, em nome do estabelecimento assaltado pelo mesmo.<br \/>\nMais a frente outra viatura encontrou o segundo elemento, um adolescente, que estava com a arma usada no crime. Ambos foram presos e encaminhados a delegacia do Safira, onde foi registrada a ocorr\u00eancia pela viatura do Sargento Roberto, juntamente com Cabo F\u00e1bio e ap\u00f3s a apresenta\u00e7\u00e3o do autores, que foram reconhecidos pelas v\u00edtimas, ao delegado de plant\u00e3o, o mesmo ratificou a pris\u00e3o de um e a apreens\u00e3o do adolescente.<\/p>\n<p><a href=\"http:\/\/paulorobertodaradio.com.br\/site\/wp-content\/uploads\/2014\/06\/assalto-posto01.jpg\"><img loading=\"lazy\" decoding=\"async\" class=\"aligncenter size-full wp-image-2358\" alt=\"assalto posto01\" src=\"http:\/\/paulorobertodaradio.com.br\/site\/wp-content\/uploads\/2014\/06\/assalto-posto01.jpg\" width=\"450\" height=\"326\" srcset=\"http:\/\/paulorobertodaradio.com.br\/site\/wp-content\/uploads\/2014\/06\/assalto-posto01.jpg 450w, http:\/\/paulorobertodaradio.com.br\/site\/wp-content\/uploads\/2014\/06\/assalto-posto01-300x217.jpg 300w\" sizes=\"auto, (max-width: 450px) 100vw, 450px\" \/><\/a><\/p>\n<p>&nbsp;<\/p>\n<p>Colabora\u00e7\u00e3o: interligadoonline.com.br<\/p>\n","protected":false},"excerpt":{"rendered":"<p>Na tarde de ter\u00e7a-feira (17), a Pol\u00edcia Militar foi informada que dois elementos haviam rendidos os frentistas de um posto de combust\u00edveis, no Centro e de arma em punho, um deles disse: \u201c perdeu, perdeu, cad\u00ea o dinheiro, eu quero o dinheiro. Me d\u00e1 mais. Eu quero o resto. Me da o resto\u201d. Levando o [&hellip;]<\/p>\n","protected":false},"author":2,"featured_media":0,"comment_status":"open","ping_status":"open","sticky":false,"template":"","format":"standard","meta":{"footnotes":""},"categories":[1],"tags":[],"class_list":["post-2356","post","type-post","status-publish","format-standard","hentry","category-sem-categoria"],"_links":{"self":[{"href":"http:\/\/paulorobertodaradio.com.br\/site\/index.php?rest_route=\/wp\/v2\/posts\/2356","targetHints":{"allow":["GET"]}}],"collection":[{"href":"http:\/\/paulorobertodaradio.com.br\/site\/index.php?rest_route=\/wp\/v2\/posts"}],"about":[{"href":"http:\/\/paulorobertodaradio.com.br\/site\/index.php?rest_route=\/wp\/v2\/types\/post"}],"author":[{"embeddable":true,"href":"http:\/\/paulorobertodaradio.com.br\/site\/index.php?rest_route=\/wp\/v2\/users\/2"}],"replies":[{"embeddable":true,"href":"http:\/\/paulorobertodaradio.com.br\/site\/index.php?rest_route=%2Fwp%2Fv2%2Fcomments&post=2356"}],"version-history":[{"count":2,"href":"http:\/\/paulorobertodaradio.com.br\/site\/index.php?rest_route=\/wp\/v2\/posts\/2356\/revisions"}],"predecessor-version":[{"id":2360,"href":"http:\/\/paulorobertodaradio.com.br\/site\/index.php?rest_route=\/wp\/v2\/posts\/2356\/revisions\/2360"}],"wp:attachment":[{"href":"http:\/\/paulorobertodaradio.com.br\/site\/index.php?rest_route=%2Fwp%2Fv2%2Fmedia&parent=2356"}],"wp:term":[{"taxonomy":"category","embeddable":true,"href":"http:\/\/paulorobertodaradio.com.br\/site\/index.php?rest_route=%2Fwp%2Fv2%2Fcategories&post=2356"},{"taxonomy":"post_tag","embeddable":true,"href":"http:\/\/paulorobertodaradio.com.br\/site\/index.php?rest_route=%2Fwp%2Fv2%2Ftags&post=2356"}],"curies":[{"name":"wp","href":"https:\/\/api.w.org\/{rel}","templated":true}]}}