{"id":2361,"date":"2014-06-19T09:40:08","date_gmt":"2014-06-19T12:40:08","guid":{"rendered":"http:\/\/paulorobertodaradio.com.br\/site\/?p=2361"},"modified":"2014-06-19T09:40:08","modified_gmt":"2014-06-19T12:40:08","slug":"em-divino-acidente-mata-um-e-deixa-7-feridos","status":"publish","type":"post","link":"http:\/\/paulorobertodaradio.com.br\/site\/?p=2361","title":{"rendered":"EM DIVINO: ACIDENTE MATA UM E DEIXA 7 FERIDOS"},"content":{"rendered":"<p>&nbsp;<\/p>\n<p><a href=\"http:\/\/paulorobertodaradio.com.br\/site\/wp-content\/uploads\/2014\/06\/divino-acidente01.jpg\"><img loading=\"lazy\" decoding=\"async\" class=\"aligncenter size-full wp-image-2362\" alt=\"divino acidente01\" src=\"http:\/\/paulorobertodaradio.com.br\/site\/wp-content\/uploads\/2014\/06\/divino-acidente01.jpg\" width=\"640\" height=\"436\" srcset=\"http:\/\/paulorobertodaradio.com.br\/site\/wp-content\/uploads\/2014\/06\/divino-acidente01.jpg 640w, http:\/\/paulorobertodaradio.com.br\/site\/wp-content\/uploads\/2014\/06\/divino-acidente01-300x204.jpg 300w, http:\/\/paulorobertodaradio.com.br\/site\/wp-content\/uploads\/2014\/06\/divino-acidente01-624x425.jpg 624w\" sizes=\"auto, (max-width: 640px) 100vw, 640px\" \/><\/a>V\u00edtimas presas \u00e0s ferragens foram socorridas pelo Corpo de Bombeiros. O acidente ocorreu por volta das 16h desta quarta (18)nas proximidades da comunidade Vargem Grande. Um Ford Ka e um Voyage, ambos placa Divino, colidiram frontalmente. Em cada ve\u00edculo viajavam quatro pessoas. No momento do acidente, partes de painel, vidros, far\u00f3is, para-choques e para lamas foram lan\u00e7ados para fora dos ve\u00edculos. Cinco pessoas foram socorridas em estado grave para a Casa de Caridade de Carangola. Outras duas foram encaminhadas para o Pronto Socorro de Divino. O motorista do Voyage, Ronildo Alves, 38 anos, morador da comunidade Neblina morreu na hora. O Corpo de Bombeiros de Muria\u00e9 foi acionado para prestar atendimento e socorro \u00e0s vitimas presas \u00e0s ferragens.<\/p>\n<p><a href=\"http:\/\/paulorobertodaradio.com.br\/site\/wp-content\/uploads\/2014\/06\/divino-acidente02.jpg\"><img loading=\"lazy\" decoding=\"async\" class=\"aligncenter size-full wp-image-2363\" alt=\"divino acidente02\" src=\"http:\/\/paulorobertodaradio.com.br\/site\/wp-content\/uploads\/2014\/06\/divino-acidente02.jpg\" width=\"640\" height=\"419\" srcset=\"http:\/\/paulorobertodaradio.com.br\/site\/wp-content\/uploads\/2014\/06\/divino-acidente02.jpg 640w, http:\/\/paulorobertodaradio.com.br\/site\/wp-content\/uploads\/2014\/06\/divino-acidente02-300x196.jpg 300w, http:\/\/paulorobertodaradio.com.br\/site\/wp-content\/uploads\/2014\/06\/divino-acidente02-624x408.jpg 624w\" sizes=\"auto, (max-width: 640px) 100vw, 640px\" \/><\/a> <a href=\"http:\/\/paulorobertodaradio.com.br\/site\/wp-content\/uploads\/2014\/06\/divino-acidente03.jpg\"><img loading=\"lazy\" decoding=\"async\" class=\"aligncenter size-full wp-image-2364\" alt=\"divino acidente03\" src=\"http:\/\/paulorobertodaradio.com.br\/site\/wp-content\/uploads\/2014\/06\/divino-acidente03.jpg\" width=\"640\" height=\"464\" srcset=\"http:\/\/paulorobertodaradio.com.br\/site\/wp-content\/uploads\/2014\/06\/divino-acidente03.jpg 640w, http:\/\/paulorobertodaradio.com.br\/site\/wp-content\/uploads\/2014\/06\/divino-acidente03-300x217.jpg 300w, http:\/\/paulorobertodaradio.com.br\/site\/wp-content\/uploads\/2014\/06\/divino-acidente03-624x452.jpg 624w\" sizes=\"auto, (max-width: 640px) 100vw, 640px\" \/><\/a> <a href=\"http:\/\/paulorobertodaradio.com.br\/site\/wp-content\/uploads\/2014\/06\/divino-acidente04.jpg\"><img loading=\"lazy\" decoding=\"async\" class=\"aligncenter size-full wp-image-2365\" alt=\"divino acidente04\" src=\"http:\/\/paulorobertodaradio.com.br\/site\/wp-content\/uploads\/2014\/06\/divino-acidente04.jpg\" width=\"640\" height=\"387\" srcset=\"http:\/\/paulorobertodaradio.com.br\/site\/wp-content\/uploads\/2014\/06\/divino-acidente04.jpg 640w, http:\/\/paulorobertodaradio.com.br\/site\/wp-content\/uploads\/2014\/06\/divino-acidente04-300x181.jpg 300w, http:\/\/paulorobertodaradio.com.br\/site\/wp-content\/uploads\/2014\/06\/divino-acidente04-624x377.jpg 624w\" sizes=\"auto, (max-width: 640px) 100vw, 640px\" \/><\/a>Colabora\u00e7\u00e3o: jornalocampeao.com<\/p>\n","protected":false},"excerpt":{"rendered":"<p>&nbsp; V\u00edtimas presas \u00e0s ferragens foram socorridas pelo Corpo de Bombeiros. O acidente ocorreu por volta das 16h desta quarta (18)nas proximidades da comunidade Vargem Grande. Um Ford Ka e um Voyage, ambos placa Divino, colidiram frontalmente. Em cada ve\u00edculo viajavam quatro pessoas. No momento do acidente, partes de painel, vidros, far\u00f3is, para-choques e para [&hellip;]<\/p>\n","protected":false},"author":2,"featured_media":0,"comment_status":"open","ping_status":"open","sticky":false,"template":"","format":"standard","meta":{"footnotes":""},"categories":[1],"tags":[],"class_list":["post-2361","post","type-post","status-publish","format-standard","hentry","category-sem-categoria"],"_links":{"self":[{"href":"http:\/\/paulorobertodaradio.com.br\/site\/index.php?rest_route=\/wp\/v2\/posts\/2361","targetHints":{"allow":["GET"]}}],"collection":[{"href":"http:\/\/paulorobertodaradio.com.br\/site\/index.php?rest_route=\/wp\/v2\/posts"}],"about":[{"href":"http:\/\/paulorobertodaradio.com.br\/site\/index.php?rest_route=\/wp\/v2\/types\/post"}],"author":[{"embeddable":true,"href":"http:\/\/paulorobertodaradio.com.br\/site\/index.php?rest_route=\/wp\/v2\/users\/2"}],"replies":[{"embeddable":true,"href":"http:\/\/paulorobertodaradio.com.br\/site\/index.php?rest_route=%2Fwp%2Fv2%2Fcomments&post=2361"}],"version-history":[{"count":2,"href":"http:\/\/paulorobertodaradio.com.br\/site\/index.php?rest_route=\/wp\/v2\/posts\/2361\/revisions"}],"predecessor-version":[{"id":2367,"href":"http:\/\/paulorobertodaradio.com.br\/site\/index.php?rest_route=\/wp\/v2\/posts\/2361\/revisions\/2367"}],"wp:attachment":[{"href":"http:\/\/paulorobertodaradio.com.br\/site\/index.php?rest_route=%2Fwp%2Fv2%2Fmedia&parent=2361"}],"wp:term":[{"taxonomy":"category","embeddable":true,"href":"http:\/\/paulorobertodaradio.com.br\/site\/index.php?rest_route=%2Fwp%2Fv2%2Fcategories&post=2361"},{"taxonomy":"post_tag","embeddable":true,"href":"http:\/\/paulorobertodaradio.com.br\/site\/index.php?rest_route=%2Fwp%2Fv2%2Ftags&post=2361"}],"curies":[{"name":"wp","href":"https:\/\/api.w.org\/{rel}","templated":true}]}}