{"id":2372,"date":"2014-06-19T13:07:39","date_gmt":"2014-06-19T16:07:39","guid":{"rendered":"http:\/\/paulorobertodaradio.com.br\/site\/?p=2372"},"modified":"2014-06-19T13:07:39","modified_gmt":"2014-06-19T16:07:39","slug":"em-miradouro-prefeitura-promove-melhorias-na-estrada-de-varginha","status":"publish","type":"post","link":"http:\/\/paulorobertodaradio.com.br\/site\/?p=2372","title":{"rendered":"EM MIRADOURO: PREFEITURA PROMOVE MELHORIAS NA ESTRADA DE VARGINHA"},"content":{"rendered":"<p><span style=\"line-height: 1.714285714; font-size: 1rem;\"><a href=\"http:\/\/paulorobertodaradio.com.br\/site\/wp-content\/uploads\/2014\/06\/EST-VARGINHA05.jpg\"><br \/>\n<\/a> <a href=\"http:\/\/paulorobertodaradio.com.br\/site\/wp-content\/uploads\/2014\/06\/EST-VARGINHA04.jpg\"><br \/>\n<\/a> <a href=\"http:\/\/paulorobertodaradio.com.br\/site\/wp-content\/uploads\/2014\/06\/EST-VARGINHA03.jpg\"><img loading=\"lazy\" decoding=\"async\" class=\"aligncenter size-full wp-image-2376\" alt=\"EST VARGINHA03\" src=\"http:\/\/paulorobertodaradio.com.br\/site\/wp-content\/uploads\/2014\/06\/EST-VARGINHA03.jpg\" width=\"590\" height=\"443\" srcset=\"http:\/\/paulorobertodaradio.com.br\/site\/wp-content\/uploads\/2014\/06\/EST-VARGINHA03.jpg 590w, http:\/\/paulorobertodaradio.com.br\/site\/wp-content\/uploads\/2014\/06\/EST-VARGINHA03-300x225.jpg 300w\" sizes=\"auto, (max-width: 590px) 100vw, 590px\" \/><\/a> <a href=\"http:\/\/paulorobertodaradio.com.br\/site\/wp-content\/uploads\/2014\/06\/EST-VARGINHA02.jpg\"><br \/>\n<\/a>A Prefeitura de Miradouro, junto com alguns Vereadores, est\u00e1 realizando melhorias na estrada de ch\u00e3o que d\u00e1 acesso ao distrito da Varginha.<\/span>Na manh\u00e3 desta quarta-feira (18 de junho), o Prefeito Mirim foi acompanhar de perto os trabalhos que est\u00e3o sendo realizados desde o m\u00eas passado (maio).Curvas perigosas est\u00e3o sendo retiradas, pontos que estavam precisando de reparos foram arrumados, entre outros servi\u00e7os, que depois de terminados ir\u00e3o garantir maior seguran\u00e7a, melhor acessibilidade e mais tranq\u00fcilidade aos moradores do povoado e demais usu\u00e1rios do percurso.<\/p>\n<p><a href=\"http:\/\/paulorobertodaradio.com.br\/site\/wp-content\/uploads\/2014\/06\/EST-VARGINHA01.jpg\"><img loading=\"lazy\" decoding=\"async\" class=\"aligncenter size-full wp-image-2373\" alt=\"EST VARGINHA01\" src=\"http:\/\/paulorobertodaradio.com.br\/site\/wp-content\/uploads\/2014\/06\/EST-VARGINHA01.jpg\" width=\"590\" height=\"443\" srcset=\"http:\/\/paulorobertodaradio.com.br\/site\/wp-content\/uploads\/2014\/06\/EST-VARGINHA01.jpg 590w, http:\/\/paulorobertodaradio.com.br\/site\/wp-content\/uploads\/2014\/06\/EST-VARGINHA01-300x225.jpg 300w\" sizes=\"auto, (max-width: 590px) 100vw, 590px\" \/><a href=\"http:\/\/paulorobertodaradio.com.br\/site\/wp-content\/uploads\/2014\/06\/EST-VARGINHA02.jpg\"><img loading=\"lazy\" decoding=\"async\" class=\"aligncenter size-full wp-image-2377\" alt=\"EST VARGINHA02\" src=\"http:\/\/paulorobertodaradio.com.br\/site\/wp-content\/uploads\/2014\/06\/EST-VARGINHA02.jpg\" width=\"590\" height=\"443\" srcset=\"http:\/\/paulorobertodaradio.com.br\/site\/wp-content\/uploads\/2014\/06\/EST-VARGINHA02.jpg 590w, http:\/\/paulorobertodaradio.com.br\/site\/wp-content\/uploads\/2014\/06\/EST-VARGINHA02-300x225.jpg 300w\" sizes=\"auto, (max-width: 590px) 100vw, 590px\" \/><\/a><a href=\"http:\/\/paulorobertodaradio.com.br\/site\/wp-content\/uploads\/2014\/06\/EST-VARGINHA04.jpg\"><img loading=\"lazy\" decoding=\"async\" class=\"aligncenter size-full wp-image-2375\" alt=\"EST VARGINHA04\" src=\"http:\/\/paulorobertodaradio.com.br\/site\/wp-content\/uploads\/2014\/06\/EST-VARGINHA04.jpg\" width=\"590\" height=\"443\" srcset=\"http:\/\/paulorobertodaradio.com.br\/site\/wp-content\/uploads\/2014\/06\/EST-VARGINHA04.jpg 590w, http:\/\/paulorobertodaradio.com.br\/site\/wp-content\/uploads\/2014\/06\/EST-VARGINHA04-300x225.jpg 300w\" sizes=\"auto, (max-width: 590px) 100vw, 590px\" \/><\/a><a href=\"http:\/\/paulorobertodaradio.com.br\/site\/wp-content\/uploads\/2014\/06\/EST-VARGINHA02.jpg\"><br \/>\n<\/a><br \/>\n<\/a><\/p>\n","protected":false},"excerpt":{"rendered":"<p>A Prefeitura de Miradouro, junto com alguns Vereadores, est\u00e1 realizando melhorias na estrada de ch\u00e3o que d\u00e1 acesso ao distrito da Varginha.Na manh\u00e3 desta quarta-feira (18 de junho), o Prefeito Mirim foi acompanhar de perto os trabalhos que est\u00e3o sendo realizados desde o m\u00eas passado (maio).Curvas perigosas est\u00e3o sendo retiradas, pontos que estavam precisando de [&hellip;]<\/p>\n","protected":false},"author":2,"featured_media":0,"comment_status":"open","ping_status":"open","sticky":false,"template":"","format":"standard","meta":{"footnotes":""},"categories":[1],"tags":[],"class_list":["post-2372","post","type-post","status-publish","format-standard","hentry","category-sem-categoria"],"_links":{"self":[{"href":"http:\/\/paulorobertodaradio.com.br\/site\/index.php?rest_route=\/wp\/v2\/posts\/2372","targetHints":{"allow":["GET"]}}],"collection":[{"href":"http:\/\/paulorobertodaradio.com.br\/site\/index.php?rest_route=\/wp\/v2\/posts"}],"about":[{"href":"http:\/\/paulorobertodaradio.com.br\/site\/index.php?rest_route=\/wp\/v2\/types\/post"}],"author":[{"embeddable":true,"href":"http:\/\/paulorobertodaradio.com.br\/site\/index.php?rest_route=\/wp\/v2\/users\/2"}],"replies":[{"embeddable":true,"href":"http:\/\/paulorobertodaradio.com.br\/site\/index.php?rest_route=%2Fwp%2Fv2%2Fcomments&post=2372"}],"version-history":[{"count":1,"href":"http:\/\/paulorobertodaradio.com.br\/site\/index.php?rest_route=\/wp\/v2\/posts\/2372\/revisions"}],"predecessor-version":[{"id":2378,"href":"http:\/\/paulorobertodaradio.com.br\/site\/index.php?rest_route=\/wp\/v2\/posts\/2372\/revisions\/2378"}],"wp:attachment":[{"href":"http:\/\/paulorobertodaradio.com.br\/site\/index.php?rest_route=%2Fwp%2Fv2%2Fmedia&parent=2372"}],"wp:term":[{"taxonomy":"category","embeddable":true,"href":"http:\/\/paulorobertodaradio.com.br\/site\/index.php?rest_route=%2Fwp%2Fv2%2Fcategories&post=2372"},{"taxonomy":"post_tag","embeddable":true,"href":"http:\/\/paulorobertodaradio.com.br\/site\/index.php?rest_route=%2Fwp%2Fv2%2Ftags&post=2372"}],"curies":[{"name":"wp","href":"https:\/\/api.w.org\/{rel}","templated":true}]}}