{"id":2383,"date":"2014-06-19T23:20:05","date_gmt":"2014-06-20T02:20:05","guid":{"rendered":"http:\/\/paulorobertodaradio.com.br\/site\/?p=2383"},"modified":"2014-06-19T23:20:05","modified_gmt":"2014-06-20T02:20:05","slug":"em-leopoldina-caminhoneiro-morre-em-acidente","status":"publish","type":"post","link":"http:\/\/paulorobertodaradio.com.br\/site\/?p=2383","title":{"rendered":"EM LEOPOLDINA: CAMINHONEIRO MORRE EM ACIDENTE"},"content":{"rendered":"<p><a href=\"http:\/\/paulorobertodaradio.com.br\/site\/wp-content\/uploads\/2014\/06\/MORTE-LEOPOL01.jpg\"><img loading=\"lazy\" decoding=\"async\" class=\"aligncenter size-full wp-image-2384\" alt=\"MORTE LEOPOL01\" src=\"http:\/\/paulorobertodaradio.com.br\/site\/wp-content\/uploads\/2014\/06\/MORTE-LEOPOL01.jpg\" width=\"481\" height=\"620\" srcset=\"http:\/\/paulorobertodaradio.com.br\/site\/wp-content\/uploads\/2014\/06\/MORTE-LEOPOL01.jpg 481w, http:\/\/paulorobertodaradio.com.br\/site\/wp-content\/uploads\/2014\/06\/MORTE-LEOPOL01-232x300.jpg 232w\" sizes=\"auto, (max-width: 481px) 100vw, 481px\" \/><\/a>Um caminhoneiro morreu em um acidente na BR-116, no trecho entre as cidades de Leopoldina e Al\u00e9m Para\u00edba. O tombamento da carreta carregada de polipropileno aconteceu na manh\u00e3 desta quinta-feira matando no local, o caminhoneiro, Jo\u00e3o Evaldo Mendon\u00e7a Carneiro, 55 anos de idade. O Corpo de Bombeiros de Muria\u00e9 foi acionado e compareceram no local os militares, sargento, Kleyton e cabo Santos, mas nada puderam fazer, o motorista estava sem vida dentro da cabine, sendo atingido principalmente na cabe\u00e7a durante o tombamento, quando a carreta se arrastou por v\u00e1rios metros indo parar em uma \u00e1rvore do outro lado da pista. Compareceram no local e realizaram seus trabalhos de praxe, a Pol\u00edcia Rodovi\u00e1ria Federal do Posto Leopoldina e a Per\u00edcia T\u00e9cnica da Pol\u00edcia Civil, tamb\u00e9m da cidade de Leopoldina.<a href=\"http:\/\/paulorobertodaradio.com.br\/site\/wp-content\/uploads\/2014\/06\/MORTE-LEOPOL02.jpg\"><img loading=\"lazy\" decoding=\"async\" class=\"aligncenter size-full wp-image-2385\" alt=\"MORTE LEOPOL02\" src=\"http:\/\/paulorobertodaradio.com.br\/site\/wp-content\/uploads\/2014\/06\/MORTE-LEOPOL02.jpg\" width=\"620\" height=\"465\" srcset=\"http:\/\/paulorobertodaradio.com.br\/site\/wp-content\/uploads\/2014\/06\/MORTE-LEOPOL02.jpg 620w, http:\/\/paulorobertodaradio.com.br\/site\/wp-content\/uploads\/2014\/06\/MORTE-LEOPOL02-300x225.jpg 300w\" sizes=\"auto, (max-width: 620px) 100vw, 620px\" \/><\/a><\/p>\n<p>Colabora\u00e7\u00e3o: silvanalves.com.br<\/p>\n","protected":false},"excerpt":{"rendered":"<p>Um caminhoneiro morreu em um acidente na BR-116, no trecho entre as cidades de Leopoldina e Al\u00e9m Para\u00edba. O tombamento da carreta carregada de polipropileno aconteceu na manh\u00e3 desta quinta-feira matando no local, o caminhoneiro, Jo\u00e3o Evaldo Mendon\u00e7a Carneiro, 55 anos de idade. O Corpo de Bombeiros de Muria\u00e9 foi acionado e compareceram no local [&hellip;]<\/p>\n","protected":false},"author":2,"featured_media":0,"comment_status":"open","ping_status":"open","sticky":false,"template":"","format":"standard","meta":{"footnotes":""},"categories":[1],"tags":[],"class_list":["post-2383","post","type-post","status-publish","format-standard","hentry","category-sem-categoria"],"_links":{"self":[{"href":"http:\/\/paulorobertodaradio.com.br\/site\/index.php?rest_route=\/wp\/v2\/posts\/2383","targetHints":{"allow":["GET"]}}],"collection":[{"href":"http:\/\/paulorobertodaradio.com.br\/site\/index.php?rest_route=\/wp\/v2\/posts"}],"about":[{"href":"http:\/\/paulorobertodaradio.com.br\/site\/index.php?rest_route=\/wp\/v2\/types\/post"}],"author":[{"embeddable":true,"href":"http:\/\/paulorobertodaradio.com.br\/site\/index.php?rest_route=\/wp\/v2\/users\/2"}],"replies":[{"embeddable":true,"href":"http:\/\/paulorobertodaradio.com.br\/site\/index.php?rest_route=%2Fwp%2Fv2%2Fcomments&post=2383"}],"version-history":[{"count":1,"href":"http:\/\/paulorobertodaradio.com.br\/site\/index.php?rest_route=\/wp\/v2\/posts\/2383\/revisions"}],"predecessor-version":[{"id":2386,"href":"http:\/\/paulorobertodaradio.com.br\/site\/index.php?rest_route=\/wp\/v2\/posts\/2383\/revisions\/2386"}],"wp:attachment":[{"href":"http:\/\/paulorobertodaradio.com.br\/site\/index.php?rest_route=%2Fwp%2Fv2%2Fmedia&parent=2383"}],"wp:term":[{"taxonomy":"category","embeddable":true,"href":"http:\/\/paulorobertodaradio.com.br\/site\/index.php?rest_route=%2Fwp%2Fv2%2Fcategories&post=2383"},{"taxonomy":"post_tag","embeddable":true,"href":"http:\/\/paulorobertodaradio.com.br\/site\/index.php?rest_route=%2Fwp%2Fv2%2Ftags&post=2383"}],"curies":[{"name":"wp","href":"https:\/\/api.w.org\/{rel}","templated":true}]}}