{"id":2387,"date":"2014-06-20T11:38:58","date_gmt":"2014-06-20T14:38:58","guid":{"rendered":"http:\/\/paulorobertodaradio.com.br\/site\/?p=2387"},"modified":"2014-06-20T12:04:36","modified_gmt":"2014-06-20T15:04:36","slug":"em-espera-feliz-andarilho-provoca-acidente-que-tira-vida-de-motociclista","status":"publish","type":"post","link":"http:\/\/paulorobertodaradio.com.br\/site\/?p=2387","title":{"rendered":"EM ESPERA FELIZ: ANDARILHO PROVOCA ACIDENTE QUE TIRA VIDA DE MOTOCICLISTA"},"content":{"rendered":"<p><span style=\"line-height: 1.714285714; font-size: 1rem;\"><a href=\"http:\/\/paulorobertodaradio.com.br\/site\/wp-content\/uploads\/2014\/06\/Motociclista-espera-01.jpg\"><img loading=\"lazy\" decoding=\"async\" class=\"size-full wp-image-2388 alignleft\" alt=\"Motociclista espera 01\" src=\"http:\/\/paulorobertodaradio.com.br\/site\/wp-content\/uploads\/2014\/06\/Motociclista-espera-01.jpg\" width=\"400\" height=\"300\" srcset=\"http:\/\/paulorobertodaradio.com.br\/site\/wp-content\/uploads\/2014\/06\/Motociclista-espera-01.jpg 400w, http:\/\/paulorobertodaradio.com.br\/site\/wp-content\/uploads\/2014\/06\/Motociclista-espera-01-300x225.jpg 300w\" sizes=\"auto, (max-width: 400px) 100vw, 400px\" \/><\/a><\/span><\/p>\n<p><span style=\"line-height: 1.714285714; font-size: 1rem;\">O jovem motociclista Nicolas Nascimento Pedrosa, 20 anos, morreu em consequ\u00eancia do acidente na MG-111, km 133, em Espera Feliz, na tarde desta quinta-feira, 19\/06. Ele atropelou um andarilho que caminhava na pista da MG-111, de forma imprudente. A rodovia n\u00e3o tem acostamento.<\/span><\/p>\n<p>Os militares do Grupamento de Meio Ambiente de Alto Capara\u00f3 chegaram ao local do acidente. Pelos vest\u00edgios e de acordo com relatos de testemunhas, ap\u00f3s atropelar o pedestre, o motociclista se desequilibrou e se chocou contra umas \u00e1rvores de eucalipto.<\/p>\n<p>Militares acionaram o SAMU (Servi\u00e7o de Atendimento M\u00f3vel de Urg\u00eancia) de Espera Feliz, que rapidamente chegou ao local. Outra equipe do SAMU de Carangola, com o m\u00e9dico, estabilizou a v\u00edtima mais grave no local e a conduziu para a Casa de Caridade de Carangola.<\/p>\n<p>O andarilho, aparentemente n\u00e3o sofreu ferimentos graves. J\u00e1 o condutor da motocicleta foi socorrido com v\u00e1rios ferimentos. A informa\u00e7\u00e3o \u00e9 que ele faleceu mais tarde.<\/p>\n<p>Os militares do policiamento rodovi\u00e1rio assumiram o registro da ocorr\u00eancia. A motocicleta estava em dia e o condutor era devidamente habilitado.<\/p>\n<p>Nicolas era morador do C\u00f3rrego Grumarim, zona rural de Capara\u00f3\/MG.<a href=\"http:\/\/paulorobertodaradio.com.br\/site\/wp-content\/uploads\/2014\/06\/Motociclista-espera-03.jpg\"><img loading=\"lazy\" decoding=\"async\" class=\"size-full wp-image-2390 alignleft\" alt=\"Motociclista espera 03\" src=\"http:\/\/paulorobertodaradio.com.br\/site\/wp-content\/uploads\/2014\/06\/Motociclista-espera-03.jpg\" width=\"400\" height=\"300\" srcset=\"http:\/\/paulorobertodaradio.com.br\/site\/wp-content\/uploads\/2014\/06\/Motociclista-espera-03.jpg 400w, http:\/\/paulorobertodaradio.com.br\/site\/wp-content\/uploads\/2014\/06\/Motociclista-espera-03-300x225.jpg 300w\" sizes=\"auto, (max-width: 400px) 100vw, 400px\" \/><\/a><a href=\"http:\/\/paulorobertodaradio.com.br\/site\/wp-content\/uploads\/2014\/06\/Motociclista-espera-02.jpg\"><img loading=\"lazy\" decoding=\"async\" class=\"aligncenter size-full wp-image-2389\" alt=\"Motociclista espera 02\" src=\"http:\/\/paulorobertodaradio.com.br\/site\/wp-content\/uploads\/2014\/06\/Motociclista-espera-02.jpg\" width=\"400\" height=\"300\" srcset=\"http:\/\/paulorobertodaradio.com.br\/site\/wp-content\/uploads\/2014\/06\/Motociclista-espera-02.jpg 400w, http:\/\/paulorobertodaradio.com.br\/site\/wp-content\/uploads\/2014\/06\/Motociclista-espera-02-300x225.jpg 300w\" sizes=\"auto, (max-width: 400px) 100vw, 400px\" \/><\/a><a href=\"http:\/\/paulorobertodaradio.com.br\/site\/wp-content\/uploads\/2014\/06\/Motociclista-espera-04.jpg\"><img loading=\"lazy\" decoding=\"async\" class=\"size-full wp-image-2393 alignright\" alt=\"Motociclista espera 04\" src=\"http:\/\/paulorobertodaradio.com.br\/site\/wp-content\/uploads\/2014\/06\/Motociclista-espera-04.jpg\" width=\"400\" height=\"300\" srcset=\"http:\/\/paulorobertodaradio.com.br\/site\/wp-content\/uploads\/2014\/06\/Motociclista-espera-04.jpg 400w, http:\/\/paulorobertodaradio.com.br\/site\/wp-content\/uploads\/2014\/06\/Motociclista-espera-04-300x225.jpg 300w\" sizes=\"auto, (max-width: 400px) 100vw, 400px\" \/><\/a><\/p>\n<p>Colabora\u00e7\u00e3o: Carlos Henrique Cruz \/ Com informa\u00e7\u00f5es da Pol\u00edcia Rodovi\u00e1ria e da Pol\u00edcia de Meio Ambiente<\/p>\n","protected":false},"excerpt":{"rendered":"<p>O jovem motociclista Nicolas Nascimento Pedrosa, 20 anos, morreu em consequ\u00eancia do acidente na MG-111, km 133, em Espera Feliz, na tarde desta quinta-feira, 19\/06. Ele atropelou um andarilho que caminhava na pista da MG-111, de forma imprudente. A rodovia n\u00e3o tem acostamento. Os militares do Grupamento de Meio Ambiente de Alto Capara\u00f3 chegaram ao [&hellip;]<\/p>\n","protected":false},"author":2,"featured_media":0,"comment_status":"open","ping_status":"open","sticky":false,"template":"","format":"standard","meta":{"footnotes":""},"categories":[1],"tags":[],"class_list":["post-2387","post","type-post","status-publish","format-standard","hentry","category-sem-categoria"],"_links":{"self":[{"href":"http:\/\/paulorobertodaradio.com.br\/site\/index.php?rest_route=\/wp\/v2\/posts\/2387","targetHints":{"allow":["GET"]}}],"collection":[{"href":"http:\/\/paulorobertodaradio.com.br\/site\/index.php?rest_route=\/wp\/v2\/posts"}],"about":[{"href":"http:\/\/paulorobertodaradio.com.br\/site\/index.php?rest_route=\/wp\/v2\/types\/post"}],"author":[{"embeddable":true,"href":"http:\/\/paulorobertodaradio.com.br\/site\/index.php?rest_route=\/wp\/v2\/users\/2"}],"replies":[{"embeddable":true,"href":"http:\/\/paulorobertodaradio.com.br\/site\/index.php?rest_route=%2Fwp%2Fv2%2Fcomments&post=2387"}],"version-history":[{"count":3,"href":"http:\/\/paulorobertodaradio.com.br\/site\/index.php?rest_route=\/wp\/v2\/posts\/2387\/revisions"}],"predecessor-version":[{"id":2392,"href":"http:\/\/paulorobertodaradio.com.br\/site\/index.php?rest_route=\/wp\/v2\/posts\/2387\/revisions\/2392"}],"wp:attachment":[{"href":"http:\/\/paulorobertodaradio.com.br\/site\/index.php?rest_route=%2Fwp%2Fv2%2Fmedia&parent=2387"}],"wp:term":[{"taxonomy":"category","embeddable":true,"href":"http:\/\/paulorobertodaradio.com.br\/site\/index.php?rest_route=%2Fwp%2Fv2%2Fcategories&post=2387"},{"taxonomy":"post_tag","embeddable":true,"href":"http:\/\/paulorobertodaradio.com.br\/site\/index.php?rest_route=%2Fwp%2Fv2%2Ftags&post=2387"}],"curies":[{"name":"wp","href":"https:\/\/api.w.org\/{rel}","templated":true}]}}