{"id":2395,"date":"2014-06-21T10:33:53","date_gmt":"2014-06-21T13:33:53","guid":{"rendered":"http:\/\/paulorobertodaradio.com.br\/site\/?p=2395"},"modified":"2014-06-21T12:23:41","modified_gmt":"2014-06-21T15:23:41","slug":"em-r-limeira-jovem-precisa-de-ajuda-para-fazer-tratamento-na-tailandia-e-voltar-a-enxergar","status":"publish","type":"post","link":"http:\/\/paulorobertodaradio.com.br\/site\/?p=2395","title":{"rendered":"EM R. LIMEIRA: JOVEM PRECISA DE AJUDA PARA FAZER TRATAMENTO NA TAIL\u00c2NDIA E VOLTAR A ENXERGAR"},"content":{"rendered":"<p><a href=\"http:\/\/paulorobertodaradio.com.br\/site\/wp-content\/uploads\/2014\/06\/JOVEM-TRATA01.jpg\"><img loading=\"lazy\" decoding=\"async\" class=\"aligncenter size-full wp-image-2396\" alt=\"JOVEM TRATA01\" src=\"http:\/\/paulorobertodaradio.com.br\/site\/wp-content\/uploads\/2014\/06\/JOVEM-TRATA01.jpg\" width=\"620\" height=\"465\" srcset=\"http:\/\/paulorobertodaradio.com.br\/site\/wp-content\/uploads\/2014\/06\/JOVEM-TRATA01.jpg 620w, http:\/\/paulorobertodaradio.com.br\/site\/wp-content\/uploads\/2014\/06\/JOVEM-TRATA01-300x225.jpg 300w\" sizes=\"auto, (max-width: 620px) 100vw, 620px\" \/><\/a><\/p>\n<p>O jovem limeirense, Jo\u00e3o Paulo, juntamente com seus pais Jos\u00e9 Pedrosa e Aparecida (ex-vereadora de Ros\u00e1rio da Limeira), est\u00e3o buscando ajuda para ver se recupera de um grave problema de vis\u00e3o, tratamento caro este e que s\u00f3 poder\u00e1 ser feito na Tail\u00e2ndia. Os pais j\u00e1 venderam um terreno no valor estimado em R$ 50 mil, mas ainda falta quase o mesmo valor para que o tratamento seja feito naquele pa\u00eds onde a expectativa de cura \u00e9 grande. Jo\u00e3o Paulo foi v\u00edtima de uma tentativa de homic\u00eddio e logo em seguida o carro que conduzia at\u00e9 a cidade de Ros\u00e1rio da Limeira bateu violentamente contra um poste de energia el\u00e9trica gravando mais ainda seu estado de sa\u00fade.<br \/>\nVEJA O DEPOIMENTO DO JOVEM: \u201cSou Jo\u00e3o Paulo, um disparo de arma de fogo atingiu meu nervo \u00f3ptico e desde ent\u00e3o muita coisa mudou em minha vida, tenho um lindo filho que j\u00e1 n\u00e3o consigo v\u00ea-lo crescendo; tinha uma bela esposa que n\u00e3o mais est\u00e1 comigo, n\u00e3o posso ver nem o nascer do sol e nem outras maravilhas da natureza. Hoje eu sei o quanto perdi, hoje eu sei que dava valor as coisas erradas, hoje eu aprecio a minha vida; coisa simples como usar um aparelho de celular, abaixar volume da TV tornaram um desafio pra mim. N\u00e3o desisti, sei que ainda tenho vida \u00e9 porque Deus tem projetos para mim. Recentemente nas minhas buscas por algo que pudesse me ajudar, encontrei uma pessoa que me deu esperan\u00e7as: In\u00eas Frances, uma pessoa com a fun\u00e7\u00e3o de rela\u00e7\u00f5es internacionais que me apresentou um tratamento feito apenas na Tail\u00e2ndia, um tratamento com c\u00e9lulas troncos e com in\u00fameros resultados positivos, um tratamento caro, mas que poder\u00e1 trazer a luz para meus olhos e permitir que eu eduque e veja meu filho crescendo. Penso que se voc\u00ea que est\u00e1 lendo puder me ajudar com qualquer quantia, n\u00e3o precisa ser muito, poderemos nos ajudar, pois a caridade \u00e9 uma grande qualidade diante de Deus<\/p>\n<p>VEJA COMO AJUDAR: Poder\u00e1 ainda se quiser fazer um pouco mais, pedir para algu\u00e9m que voc\u00ea conhece para fazer o mesmo:<br \/>\nSICOOB CREDITAG: 3118 \u2013 6152023330 &#8211; JO\u00c3O PAULO RIBEIRO PEDROSA. CAIXAECON\u00d4MICA FEDERAL: 4386 00000495-5 \u2013 JO\u00c3O PAULO RIBEIRO PEDROSA<\/p>\n<p><a href=\"http:\/\/paulorobertodaradio.com.br\/site\/wp-content\/uploads\/2014\/06\/JOVEM-TRATA02.jpg\"><img loading=\"lazy\" decoding=\"async\" class=\"aligncenter size-full wp-image-2397\" alt=\"JOVEM TRATA02\" src=\"http:\/\/paulorobertodaradio.com.br\/site\/wp-content\/uploads\/2014\/06\/JOVEM-TRATA02.jpg\" width=\"620\" height=\"465\" srcset=\"http:\/\/paulorobertodaradio.com.br\/site\/wp-content\/uploads\/2014\/06\/JOVEM-TRATA02.jpg 620w, http:\/\/paulorobertodaradio.com.br\/site\/wp-content\/uploads\/2014\/06\/JOVEM-TRATA02-300x225.jpg 300w\" sizes=\"auto, (max-width: 620px) 100vw, 620px\" \/><\/a>Mat\u00e9ria: Colabora\u00e7\u00e3o: silvanalves.com.br<\/p>\n","protected":false},"excerpt":{"rendered":"<p>O jovem limeirense, Jo\u00e3o Paulo, juntamente com seus pais Jos\u00e9 Pedrosa e Aparecida (ex-vereadora de Ros\u00e1rio da Limeira), est\u00e3o buscando ajuda para ver se recupera de um grave problema de vis\u00e3o, tratamento caro este e que s\u00f3 poder\u00e1 ser feito na Tail\u00e2ndia. Os pais j\u00e1 venderam um terreno no valor estimado em R$ 50 mil, [&hellip;]<\/p>\n","protected":false},"author":2,"featured_media":0,"comment_status":"open","ping_status":"open","sticky":false,"template":"","format":"standard","meta":{"footnotes":""},"categories":[1],"tags":[],"class_list":["post-2395","post","type-post","status-publish","format-standard","hentry","category-sem-categoria"],"_links":{"self":[{"href":"http:\/\/paulorobertodaradio.com.br\/site\/index.php?rest_route=\/wp\/v2\/posts\/2395","targetHints":{"allow":["GET"]}}],"collection":[{"href":"http:\/\/paulorobertodaradio.com.br\/site\/index.php?rest_route=\/wp\/v2\/posts"}],"about":[{"href":"http:\/\/paulorobertodaradio.com.br\/site\/index.php?rest_route=\/wp\/v2\/types\/post"}],"author":[{"embeddable":true,"href":"http:\/\/paulorobertodaradio.com.br\/site\/index.php?rest_route=\/wp\/v2\/users\/2"}],"replies":[{"embeddable":true,"href":"http:\/\/paulorobertodaradio.com.br\/site\/index.php?rest_route=%2Fwp%2Fv2%2Fcomments&post=2395"}],"version-history":[{"count":4,"href":"http:\/\/paulorobertodaradio.com.br\/site\/index.php?rest_route=\/wp\/v2\/posts\/2395\/revisions"}],"predecessor-version":[{"id":2399,"href":"http:\/\/paulorobertodaradio.com.br\/site\/index.php?rest_route=\/wp\/v2\/posts\/2395\/revisions\/2399"}],"wp:attachment":[{"href":"http:\/\/paulorobertodaradio.com.br\/site\/index.php?rest_route=%2Fwp%2Fv2%2Fmedia&parent=2395"}],"wp:term":[{"taxonomy":"category","embeddable":true,"href":"http:\/\/paulorobertodaradio.com.br\/site\/index.php?rest_route=%2Fwp%2Fv2%2Fcategories&post=2395"},{"taxonomy":"post_tag","embeddable":true,"href":"http:\/\/paulorobertodaradio.com.br\/site\/index.php?rest_route=%2Fwp%2Fv2%2Ftags&post=2395"}],"curies":[{"name":"wp","href":"https:\/\/api.w.org\/{rel}","templated":true}]}}