{"id":2400,"date":"2014-06-21T10:52:11","date_gmt":"2014-06-21T13:52:11","guid":{"rendered":"http:\/\/paulorobertodaradio.com.br\/site\/?p=2400"},"modified":"2014-06-21T10:52:11","modified_gmt":"2014-06-21T13:52:11","slug":"em-ervalia-prefeitura-publica-edital-de-concurso-publico","status":"publish","type":"post","link":"http:\/\/paulorobertodaradio.com.br\/site\/?p=2400","title":{"rendered":"EM ERV\u00c1LIA: PREFEITURA PUBLICA EDITAL DE CONCURSO P\u00daBLICO"},"content":{"rendered":"<p><span style=\"line-height: 1.714285714; font-size: 1rem;\"><strong><span style=\"color: #ff0000;\">S\u00e3o 268 vagas com sal\u00e1rios de at\u00e9 R$ 10 mil<\/span><\/strong><a href=\"http:\/\/paulorobertodaradio.com.br\/site\/wp-content\/uploads\/2014\/06\/ERVALIA.png\"><img loading=\"lazy\" decoding=\"async\" class=\"aligncenter size-full wp-image-2401\" alt=\"ERVALIA\" src=\"http:\/\/paulorobertodaradio.com.br\/site\/wp-content\/uploads\/2014\/06\/ERVALIA.png\" width=\"863\" height=\"200\" srcset=\"http:\/\/paulorobertodaradio.com.br\/site\/wp-content\/uploads\/2014\/06\/ERVALIA.png 863w, http:\/\/paulorobertodaradio.com.br\/site\/wp-content\/uploads\/2014\/06\/ERVALIA-300x69.png 300w, http:\/\/paulorobertodaradio.com.br\/site\/wp-content\/uploads\/2014\/06\/ERVALIA-624x144.png 624w\" sizes=\"auto, (max-width: 863px) 100vw, 863px\" \/><\/a><\/span><\/p>\n<p><span style=\"line-height: 1.714285714; font-size: 1rem;\">A Prefeitura de Erv\u00e1lia publicou edital de processo seletivo que oferece 268 vagas para todos os n\u00edveis de escolaridade. Os sal\u00e1rios s\u00e3o de at\u00e9 R$ 10 mil.<\/span><\/p>\n<p>Os interessados devem ficar atentos ao per\u00edodo de inscri\u00e7\u00f5es que se inicia \u00e0s 14h do dia 25 de junho e termina no dia 24 de julho. As inscri\u00e7\u00f5es podem ser feitas pela internet, atrav\u00e9s do site www.idecan.org.br, ou ainda presencialmente na Central de Atendimento ao Candidato Idecan, localizada na Prefeitura de Erv\u00e1lia, na Pra\u00e7a Arthur Bernardes, 1, Centro. O atendimento acontece em dias \u00fateis de 8h30min \u00e0s 11h e entre 13h30min e 17h, exceto no primeiro dia, quando ser\u00e1 iniciado \u00e0s 14h.<\/p>\n<p>As provas est\u00e3o previstas para serem aplicadas no dia 24 de agosto na cidade de Erv\u00e1lia, em dois turnos de aplica\u00e7\u00e3o. O candidato pode se inscrever para mais de um cargo, desde que as provas n\u00e3o sejam realizadas em hor\u00e1rios coincidentes.<\/p>\n<p>&nbsp;<\/p>\n<p><span style=\"color: #ff0000;\"><strong>Cargos e hor\u00e1rios de provas<\/strong><\/span><\/p>\n<p>No turno da manh\u00e3, entre 9h e 12h ser\u00e3o realizadas as provas para os seguintes cargos:Enfermeiro, Enfermeiro \u2013 ESF, Fisioterapeuta I, Fisioterapeuta II, Fisioterapeuta \u2013 NASF, Fonoaudi\u00f3logo, M\u00e9dico Cardiologista, M\u00e9dico Cl\u00ednico Geral Coordenador, M\u00e9dico Cl\u00ednico Geral I, M\u00e9dico \u2013 ESF, M\u00e9dico Geriatra, M\u00e9dico Ginecologista, Medico Oftalmologista, M\u00e9dico Ortopedista, M\u00e9dico Pediatra III, M\u00e9dico Psiquiatra CAPS I, M\u00e9dico Psiquiatra CAPS II, M\u00e9dico Psiquiatra CAPS III, M\u00e9dico Psiquiatra CAPS IV, M\u00e9dico Ultrassonografista, Nutricionista, Nutricionista \u2013 NASF, Odont\u00f3logo, Odont\u00f3logo \u2013 ESF, Psic\u00f3logo, Psic\u00f3logo \u2013 NASF, Terapeuta Ocupacional \u2013 NASF, Supervisor Pedag\u00f3gico, Artista Pl\u00e1stico \u2013 CAPS, Assistente Social \u2013 CAPS, Assistente Social \u2013 CRAS, Assistente Social I, Assistente Social II, Assistente Social \u2013 NASF, M\u00e9dico Veterin\u00e1rio \u2013 NASF, Professor Docente para Educa\u00e7\u00e3o Fundamental, T\u00e9cnico Plantonista, Auxiliar de Enfermagem \u2013 ESF, Auxiliar de Enfermagem \u2013 CAPS, Auxiliar de Enfermagem, Agente Comunit\u00e1rio de Sa\u00fade \u2013 ESF, Auxiliar de Biblioteca, Monitor de Educa\u00e7\u00e3o Infantil \u2013 Creche, Operador de Luz e Som, Auxiliar de Consult\u00f3rio M\u00e9dico\/Odontol\u00f3gico, Cozinheira, Auxiliar de Secretaria, Coveiro, Gari, Lavadeira \u2013 ESF, Motorista de Ambul\u00e2ncia, Motorista de Ve\u00edculo M\u00e9dio, Operador de Trator Agr\u00edcola, Oper\u00e1rio, Reciclador de Res\u00edduos S\u00f3lidos e Vigia Noturno.<\/p>\n<p>No turno da tarde, entre 14h30min e 17h30min far\u00e3o prova os candidatos aos cargos de:Educador F\u00edsico \u2013 NASF, Pedagogo \u2013 CAPS, Professor Docente para Ensino Fundamental e M\u00e9dio \u2013 CESU (Artes), Professor Docente para Ensino Fundamental e M\u00e9dio \u2013 CESU (Portugu\u00eas), Professor Docente para Ensino Fundamental e M\u00e9dio \u2013 CESU (Matem\u00e1tica), Professor Docente para Ensino Fundamental e M\u00e9dio \u2013 CESU (Ci\u00eancias e Biologia), Professor Docente para Ensino M\u00e9dio \u2013 CESU (Portugu\u00eas), Professor Docente para Ensino M\u00e9dio \u2013 CESU (Matem\u00e1tica), Professor Docente para Ensino M\u00e9dio \u2013 CESU (Ci\u00eancias e Biologia), Professor Docente para Ensino M\u00e9dio \u2013 CESU (Hist\u00f3ria), Professor Docente para Ensino M\u00e9dio \u2013 CESU (Geografia), Professor Docente para Ensino M\u00e9dio \u2013 CESU (F\u00edsica), Professor Docente para Ensino M\u00e9dio \u2013 CESU (Ingl\u00eas), Professor Docente para Ensino M\u00e9dio \u2013 CESU (Sociologia e Filosofia), Professor de Educa\u00e7\u00e3o F\u00edsica, Professor Docente para Educa\u00e7\u00e3o Infantil \u2013 Pr\u00e9-Escolar, T\u00e9cnico em Enfermagem, T\u00e9cnico em Enfermagem \u2013 CAPS, Auxiliar de Administra\u00e7\u00e3o, Auxiliar de Farm\u00e1cia, Auxiliar de Sa\u00fade Bucal \u2013 ESF, Digitador, Orientador de Ensino de Inform\u00e1tica, Auxiliar de Escrit\u00f3rio, Cuidador Social, Agente de Defesa Civil, Ajudante de Servi\u00e7os Gerais, Atendente de Consult\u00f3rio M\u00e9dico\/Odontol\u00f3gico, Auxiliar Administrativo \u2013 CRAS, Auxiliar de Servi\u00e7os Gerais, Auxiliar de Servi\u00e7os Gerais \u2013 CAPS, Auxiliar de Servi\u00e7os Gerais \u2013 ESF, Auxiliar de Suporte \u2013 CAPS, Calceteiro, Cuidador de Sa\u00fade \u2013 SRT (Servi\u00e7o de resid\u00eancia terap\u00eautica), Eletricista, Motorista de Ve\u00edculo Leve, Operador de M\u00e1quina Pesada, Pedreiro, e Vigia \u2013 ESF.<\/p>\n<p><strong><span style=\"color: #ff0000;\">Informa\u00e7\u00f5es:\u00a0<\/span><\/strong>0800-283-4628 ,atendimento@idecan.org.br \u00a0 -www.idecan.org.br<\/p>\n","protected":false},"excerpt":{"rendered":"<p>S\u00e3o 268 vagas com sal\u00e1rios de at\u00e9 R$ 10 mil A Prefeitura de Erv\u00e1lia publicou edital de processo seletivo que oferece 268 vagas para todos os n\u00edveis de escolaridade. Os sal\u00e1rios s\u00e3o de at\u00e9 R$ 10 mil. Os interessados devem ficar atentos ao per\u00edodo de inscri\u00e7\u00f5es que se inicia \u00e0s 14h do dia 25 de [&hellip;]<\/p>\n","protected":false},"author":2,"featured_media":0,"comment_status":"open","ping_status":"open","sticky":false,"template":"","format":"standard","meta":{"footnotes":""},"categories":[1],"tags":[],"class_list":["post-2400","post","type-post","status-publish","format-standard","hentry","category-sem-categoria"],"_links":{"self":[{"href":"http:\/\/paulorobertodaradio.com.br\/site\/index.php?rest_route=\/wp\/v2\/posts\/2400","targetHints":{"allow":["GET"]}}],"collection":[{"href":"http:\/\/paulorobertodaradio.com.br\/site\/index.php?rest_route=\/wp\/v2\/posts"}],"about":[{"href":"http:\/\/paulorobertodaradio.com.br\/site\/index.php?rest_route=\/wp\/v2\/types\/post"}],"author":[{"embeddable":true,"href":"http:\/\/paulorobertodaradio.com.br\/site\/index.php?rest_route=\/wp\/v2\/users\/2"}],"replies":[{"embeddable":true,"href":"http:\/\/paulorobertodaradio.com.br\/site\/index.php?rest_route=%2Fwp%2Fv2%2Fcomments&post=2400"}],"version-history":[{"count":2,"href":"http:\/\/paulorobertodaradio.com.br\/site\/index.php?rest_route=\/wp\/v2\/posts\/2400\/revisions"}],"predecessor-version":[{"id":2403,"href":"http:\/\/paulorobertodaradio.com.br\/site\/index.php?rest_route=\/wp\/v2\/posts\/2400\/revisions\/2403"}],"wp:attachment":[{"href":"http:\/\/paulorobertodaradio.com.br\/site\/index.php?rest_route=%2Fwp%2Fv2%2Fmedia&parent=2400"}],"wp:term":[{"taxonomy":"category","embeddable":true,"href":"http:\/\/paulorobertodaradio.com.br\/site\/index.php?rest_route=%2Fwp%2Fv2%2Fcategories&post=2400"},{"taxonomy":"post_tag","embeddable":true,"href":"http:\/\/paulorobertodaradio.com.br\/site\/index.php?rest_route=%2Fwp%2Fv2%2Ftags&post=2400"}],"curies":[{"name":"wp","href":"https:\/\/api.w.org\/{rel}","templated":true}]}}