{"id":2421,"date":"2014-06-21T22:59:28","date_gmt":"2014-06-22T01:59:28","guid":{"rendered":"http:\/\/paulorobertodaradio.com.br\/site\/?p=2421"},"modified":"2014-06-21T22:59:28","modified_gmt":"2014-06-22T01:59:28","slug":"na-br-356-van-sai-da-estrada-na-estrada-muriae-a-ervalia","status":"publish","type":"post","link":"http:\/\/paulorobertodaradio.com.br\/site\/?p=2421","title":{"rendered":"NA BR 356- VAN SAI DA ESTRADA NA ESTRADA MURIA\u00c9 A ERV\u00c1LIA"},"content":{"rendered":"<p><span style=\"line-height: 1.714285714; font-size: 1rem;\"><a href=\"http:\/\/paulorobertodaradio.com.br\/site\/wp-content\/uploads\/2014\/06\/van01.jpg\"><img loading=\"lazy\" decoding=\"async\" class=\"aligncenter size-full wp-image-2422\" alt=\"van01\" src=\"http:\/\/paulorobertodaradio.com.br\/site\/wp-content\/uploads\/2014\/06\/van01.jpg\" width=\"620\" height=\"465\" srcset=\"http:\/\/paulorobertodaradio.com.br\/site\/wp-content\/uploads\/2014\/06\/van01.jpg 620w, http:\/\/paulorobertodaradio.com.br\/site\/wp-content\/uploads\/2014\/06\/van01-300x225.jpg 300w\" sizes=\"auto, (max-width: 620px) 100vw, 620px\" \/><\/a>Um mulher ficou ferida em um acidente envolvendo uma Van de Belo Horizonte, na manh\u00e3 deste s\u00e1bado. O acidente aconteceu na rodovia Muria\u00e9-Erv\u00e1lia (BR-356), bem pr\u00f3ximo ao trevo de entrada para a cidade de Ros\u00e1rio da Muria\u00e9, a (34 Km de Muria\u00e9) onde a Van saiu da estrada e bateu contra uma planta\u00e7\u00e3o de eucalipto. Dos tr\u00eas ocupantes do ve\u00edculo que viajava para Muria\u00e9, apenas uma mulher ficou ferida e foi socorrida pelo Corpo de Bombeiros de Muria\u00e9 e encaminhada para o Hospital S\u00e3o Paulo, em uma ambul\u00e2ncia de Ros\u00e1rio da Limeira que tamb\u00e9m deu apoio \u00e0s v\u00edtimas.<a href=\"http:\/\/paulorobertodaradio.com.br\/site\/wp-content\/uploads\/2014\/06\/van02.jpg\"><img loading=\"lazy\" decoding=\"async\" class=\"aligncenter size-full wp-image-2423\" alt=\"van02\" src=\"http:\/\/paulorobertodaradio.com.br\/site\/wp-content\/uploads\/2014\/06\/van02.jpg\" width=\"620\" height=\"465\" srcset=\"http:\/\/paulorobertodaradio.com.br\/site\/wp-content\/uploads\/2014\/06\/van02.jpg 620w, http:\/\/paulorobertodaradio.com.br\/site\/wp-content\/uploads\/2014\/06\/van02-300x225.jpg 300w\" sizes=\"auto, (max-width: 620px) 100vw, 620px\" \/><\/a><\/span><\/p>\n<p>&nbsp;<\/p>\n<p>Colabora\u00e7\u00e3o:silvanalves.com.br<\/p>\n","protected":false},"excerpt":{"rendered":"<p>Um mulher ficou ferida em um acidente envolvendo uma Van de Belo Horizonte, na manh\u00e3 deste s\u00e1bado. O acidente aconteceu na rodovia Muria\u00e9-Erv\u00e1lia (BR-356), bem pr\u00f3ximo ao trevo de entrada para a cidade de Ros\u00e1rio da Muria\u00e9, a (34 Km de Muria\u00e9) onde a Van saiu da estrada e bateu contra uma planta\u00e7\u00e3o de eucalipto. [&hellip;]<\/p>\n","protected":false},"author":2,"featured_media":0,"comment_status":"open","ping_status":"open","sticky":false,"template":"","format":"standard","meta":{"footnotes":""},"categories":[1],"tags":[],"class_list":["post-2421","post","type-post","status-publish","format-standard","hentry","category-sem-categoria"],"_links":{"self":[{"href":"http:\/\/paulorobertodaradio.com.br\/site\/index.php?rest_route=\/wp\/v2\/posts\/2421","targetHints":{"allow":["GET"]}}],"collection":[{"href":"http:\/\/paulorobertodaradio.com.br\/site\/index.php?rest_route=\/wp\/v2\/posts"}],"about":[{"href":"http:\/\/paulorobertodaradio.com.br\/site\/index.php?rest_route=\/wp\/v2\/types\/post"}],"author":[{"embeddable":true,"href":"http:\/\/paulorobertodaradio.com.br\/site\/index.php?rest_route=\/wp\/v2\/users\/2"}],"replies":[{"embeddable":true,"href":"http:\/\/paulorobertodaradio.com.br\/site\/index.php?rest_route=%2Fwp%2Fv2%2Fcomments&post=2421"}],"version-history":[{"count":2,"href":"http:\/\/paulorobertodaradio.com.br\/site\/index.php?rest_route=\/wp\/v2\/posts\/2421\/revisions"}],"predecessor-version":[{"id":2425,"href":"http:\/\/paulorobertodaradio.com.br\/site\/index.php?rest_route=\/wp\/v2\/posts\/2421\/revisions\/2425"}],"wp:attachment":[{"href":"http:\/\/paulorobertodaradio.com.br\/site\/index.php?rest_route=%2Fwp%2Fv2%2Fmedia&parent=2421"}],"wp:term":[{"taxonomy":"category","embeddable":true,"href":"http:\/\/paulorobertodaradio.com.br\/site\/index.php?rest_route=%2Fwp%2Fv2%2Fcategories&post=2421"},{"taxonomy":"post_tag","embeddable":true,"href":"http:\/\/paulorobertodaradio.com.br\/site\/index.php?rest_route=%2Fwp%2Fv2%2Ftags&post=2421"}],"curies":[{"name":"wp","href":"https:\/\/api.w.org\/{rel}","templated":true}]}}