{"id":2426,"date":"2014-06-21T23:04:36","date_gmt":"2014-06-22T02:04:36","guid":{"rendered":"http:\/\/paulorobertodaradio.com.br\/site\/?p=2426"},"modified":"2014-06-21T23:04:36","modified_gmt":"2014-06-22T02:04:36","slug":"em-espera-feliz-idosa-de-72-anos-e-estuprada","status":"publish","type":"post","link":"http:\/\/paulorobertodaradio.com.br\/site\/?p=2426","title":{"rendered":"EM ESPERA FELIZ: IDOSA DE 72 ANOS \u00c9 ESTUPRADA."},"content":{"rendered":"<p><span style=\"line-height: 1.714285714; font-size: 1rem;\"><a href=\"http:\/\/paulorobertodaradio.com.br\/site\/wp-content\/uploads\/2014\/06\/idosa.jpg\"><img loading=\"lazy\" decoding=\"async\" class=\"size-full wp-image-2427 alignleft\" alt=\"idosa\" src=\"http:\/\/paulorobertodaradio.com.br\/site\/wp-content\/uploads\/2014\/06\/idosa.jpg\" width=\"400\" height=\"300\" srcset=\"http:\/\/paulorobertodaradio.com.br\/site\/wp-content\/uploads\/2014\/06\/idosa.jpg 400w, http:\/\/paulorobertodaradio.com.br\/site\/wp-content\/uploads\/2014\/06\/idosa-300x225.jpg 300w\" sizes=\"auto, (max-width: 400px) 100vw, 400px\" \/><\/a>A Pol\u00edcia Militar de Espera Feliz prendeu um homem de 44 anos acusado de estuprar uma aposentada de 72 anos. Ele filmou o ato em que aproveita da situa\u00e7\u00e3o da mulher, doente e acamada.<\/span>A ocorr\u00eancia policial foi atendida na cidade na tarde de quinta-feira. Chega a ser absurdo o comportamento reprov\u00e1vel do autor. Segundo o registro, ele entregou o celular para a neta da aposentada e mandou que ela visualizasse as imagens.<\/p>\n<p>O v\u00eddeo foi chocante. Cenas de sexo oral com a v\u00edtima. Se n\u00e3o bastasse isso, a aposentada est\u00e1 acamada, n\u00e3o tem condi\u00e7\u00f5es de reagir e nem de se comunicar. Passou por uma cirurgia h\u00e1 uma semana.O homem admitiu que fez a grava\u00e7\u00e3o e alegou que vem mantendo rela\u00e7\u00e3o com a v\u00edtima h\u00e1 algum tempo, pois moram juntos h\u00e1 cerca de dois anos.Ele foi preso e apresentado ao Delegado de Policia de Manhua\u00e7u para demais provid\u00eancias.<\/p>\n<p>Colabora\u00e7\u00e3o: Carlos Henrique Cruz -portal capara\u00f3 \/ Imagem ilustrativa EBC<\/p>\n","protected":false},"excerpt":{"rendered":"<p>A Pol\u00edcia Militar de Espera Feliz prendeu um homem de 44 anos acusado de estuprar uma aposentada de 72 anos. Ele filmou o ato em que aproveita da situa\u00e7\u00e3o da mulher, doente e acamada.A ocorr\u00eancia policial foi atendida na cidade na tarde de quinta-feira. Chega a ser absurdo o comportamento reprov\u00e1vel do autor. Segundo o [&hellip;]<\/p>\n","protected":false},"author":2,"featured_media":0,"comment_status":"open","ping_status":"open","sticky":false,"template":"","format":"standard","meta":{"footnotes":""},"categories":[1],"tags":[],"class_list":["post-2426","post","type-post","status-publish","format-standard","hentry","category-sem-categoria"],"_links":{"self":[{"href":"http:\/\/paulorobertodaradio.com.br\/site\/index.php?rest_route=\/wp\/v2\/posts\/2426","targetHints":{"allow":["GET"]}}],"collection":[{"href":"http:\/\/paulorobertodaradio.com.br\/site\/index.php?rest_route=\/wp\/v2\/posts"}],"about":[{"href":"http:\/\/paulorobertodaradio.com.br\/site\/index.php?rest_route=\/wp\/v2\/types\/post"}],"author":[{"embeddable":true,"href":"http:\/\/paulorobertodaradio.com.br\/site\/index.php?rest_route=\/wp\/v2\/users\/2"}],"replies":[{"embeddable":true,"href":"http:\/\/paulorobertodaradio.com.br\/site\/index.php?rest_route=%2Fwp%2Fv2%2Fcomments&post=2426"}],"version-history":[{"count":2,"href":"http:\/\/paulorobertodaradio.com.br\/site\/index.php?rest_route=\/wp\/v2\/posts\/2426\/revisions"}],"predecessor-version":[{"id":2429,"href":"http:\/\/paulorobertodaradio.com.br\/site\/index.php?rest_route=\/wp\/v2\/posts\/2426\/revisions\/2429"}],"wp:attachment":[{"href":"http:\/\/paulorobertodaradio.com.br\/site\/index.php?rest_route=%2Fwp%2Fv2%2Fmedia&parent=2426"}],"wp:term":[{"taxonomy":"category","embeddable":true,"href":"http:\/\/paulorobertodaradio.com.br\/site\/index.php?rest_route=%2Fwp%2Fv2%2Fcategories&post=2426"},{"taxonomy":"post_tag","embeddable":true,"href":"http:\/\/paulorobertodaradio.com.br\/site\/index.php?rest_route=%2Fwp%2Fv2%2Ftags&post=2426"}],"curies":[{"name":"wp","href":"https:\/\/api.w.org\/{rel}","templated":true}]}}