{"id":2436,"date":"2014-06-22T23:46:39","date_gmt":"2014-06-23T02:46:39","guid":{"rendered":"http:\/\/paulorobertodaradio.com.br\/site\/?p=2436"},"modified":"2014-06-22T23:46:39","modified_gmt":"2014-06-23T02:46:39","slug":"na-br-356-carreta-tomba-em-curva-e-deixa-3-pessoas-feridas","status":"publish","type":"post","link":"http:\/\/paulorobertodaradio.com.br\/site\/?p=2436","title":{"rendered":"NA BR 356- CARRETA TOMBA EM CURVA E DEIXA 3 PESSOAS FERIDAS."},"content":{"rendered":"<p>&nbsp;<\/p>\n<p><a href=\"http:\/\/paulorobertodaradio.com.br\/site\/wp-content\/uploads\/2014\/06\/pratinha01.jpg\"><img loading=\"lazy\" decoding=\"async\" class=\"aligncenter size-full wp-image-2437\" alt=\"pratinha01\" src=\"http:\/\/paulorobertodaradio.com.br\/site\/wp-content\/uploads\/2014\/06\/pratinha01.jpg\" width=\"620\" height=\"465\" srcset=\"http:\/\/paulorobertodaradio.com.br\/site\/wp-content\/uploads\/2014\/06\/pratinha01.jpg 620w, http:\/\/paulorobertodaradio.com.br\/site\/wp-content\/uploads\/2014\/06\/pratinha01-300x225.jpg 300w\" sizes=\"auto, (max-width: 620px) 100vw, 620px\" \/><\/a>Uma carreta carregada de caf\u00e9 tombou na \u201ccurva perigosa da Pratinha\u201d na BR- 356 atingiu tr\u00eas ve\u00edculos e deixou tr\u00eas feridos. O acidente aconteceu por volta das 15h30, no trecho pr\u00f3ximo a Ponte do Muratori, a 10 Km de Muria\u00e9, onde o motorista da carreta, placa de Mimoso do Sul-ES, que viajava no sentido a Muria\u00e9, perdeu o controle do ve\u00edculo na Curva, vindo a tombar e atingir um P\u00e1lio, placa de Muria\u00e9, um importado Kia, placa de Guarapari-ES e um Land Rover, placa Bom Jesus do Norte-ES. Duas pessoas do Escort ficaram feridas e foram socorridas pelos Bombeiros e duas Unidades do SAMU, al\u00e9m do caminhoneiro ter recebido atendimento no local. Por pouco n\u00e3o aconteceu uma grande trag\u00e9dia no trecho de curva onde que acontecem acidentes com muita freq\u00fc\u00eancia. A Pol\u00edcia Rodovi\u00e1ria Federal, atrav\u00e9s dos policiais Firmo e Filgueiras, foi para o local, apura os fatos e vai tamb\u00e9m providenciar a libera\u00e7\u00e3o da pista que ficou com muito caf\u00e9 espalhado. Todos os ve\u00edculos est\u00e3o passando pelo local normalmente, \u00e9 preciso apenas cautela, passar em baixa velocidade.<a href=\"http:\/\/paulorobertodaradio.com.br\/site\/wp-content\/uploads\/2014\/06\/pratinha02.jpg\"><img loading=\"lazy\" decoding=\"async\" class=\"aligncenter size-full wp-image-2438\" alt=\"pratinha02\" src=\"http:\/\/paulorobertodaradio.com.br\/site\/wp-content\/uploads\/2014\/06\/pratinha02.jpg\" width=\"620\" height=\"465\" srcset=\"http:\/\/paulorobertodaradio.com.br\/site\/wp-content\/uploads\/2014\/06\/pratinha02.jpg 620w, http:\/\/paulorobertodaradio.com.br\/site\/wp-content\/uploads\/2014\/06\/pratinha02-300x225.jpg 300w\" sizes=\"auto, (max-width: 620px) 100vw, 620px\" \/><\/a> <a href=\"http:\/\/paulorobertodaradio.com.br\/site\/wp-content\/uploads\/2014\/06\/pratinha03.jpg\"><img loading=\"lazy\" decoding=\"async\" class=\"aligncenter size-full wp-image-2439\" alt=\"pratinha03\" src=\"http:\/\/paulorobertodaradio.com.br\/site\/wp-content\/uploads\/2014\/06\/pratinha03.jpg\" width=\"620\" height=\"465\" srcset=\"http:\/\/paulorobertodaradio.com.br\/site\/wp-content\/uploads\/2014\/06\/pratinha03.jpg 620w, http:\/\/paulorobertodaradio.com.br\/site\/wp-content\/uploads\/2014\/06\/pratinha03-300x225.jpg 300w\" sizes=\"auto, (max-width: 620px) 100vw, 620px\" \/><\/a> <a href=\"http:\/\/paulorobertodaradio.com.br\/site\/wp-content\/uploads\/2014\/06\/pratinha04.jpg\"><img loading=\"lazy\" decoding=\"async\" class=\"aligncenter size-full wp-image-2440\" alt=\"pratinha04\" src=\"http:\/\/paulorobertodaradio.com.br\/site\/wp-content\/uploads\/2014\/06\/pratinha04.jpg\" width=\"620\" height=\"465\" srcset=\"http:\/\/paulorobertodaradio.com.br\/site\/wp-content\/uploads\/2014\/06\/pratinha04.jpg 620w, http:\/\/paulorobertodaradio.com.br\/site\/wp-content\/uploads\/2014\/06\/pratinha04-300x225.jpg 300w\" sizes=\"auto, (max-width: 620px) 100vw, 620px\" \/><\/a> <a href=\"http:\/\/paulorobertodaradio.com.br\/site\/wp-content\/uploads\/2014\/06\/pratinha05.jpg\"><img loading=\"lazy\" decoding=\"async\" class=\"aligncenter size-full wp-image-2441\" alt=\"pratinha05\" src=\"http:\/\/paulorobertodaradio.com.br\/site\/wp-content\/uploads\/2014\/06\/pratinha05.jpg\" width=\"620\" height=\"465\" srcset=\"http:\/\/paulorobertodaradio.com.br\/site\/wp-content\/uploads\/2014\/06\/pratinha05.jpg 620w, http:\/\/paulorobertodaradio.com.br\/site\/wp-content\/uploads\/2014\/06\/pratinha05-300x225.jpg 300w\" sizes=\"auto, (max-width: 620px) 100vw, 620px\" \/><\/a><\/p>\n<p>&nbsp;<\/p>\n<p>Colabora\u00e7\u00e3o: silvanalves.com.br<\/p>\n","protected":false},"excerpt":{"rendered":"<p>&nbsp; Uma carreta carregada de caf\u00e9 tombou na \u201ccurva perigosa da Pratinha\u201d na BR- 356 atingiu tr\u00eas ve\u00edculos e deixou tr\u00eas feridos. O acidente aconteceu por volta das 15h30, no trecho pr\u00f3ximo a Ponte do Muratori, a 10 Km de Muria\u00e9, onde o motorista da carreta, placa de Mimoso do Sul-ES, que viajava no sentido [&hellip;]<\/p>\n","protected":false},"author":2,"featured_media":2437,"comment_status":"open","ping_status":"open","sticky":false,"template":"","format":"standard","meta":{"footnotes":""},"categories":[1],"tags":[],"class_list":["post-2436","post","type-post","status-publish","format-standard","has-post-thumbnail","hentry","category-sem-categoria"],"_links":{"self":[{"href":"http:\/\/paulorobertodaradio.com.br\/site\/index.php?rest_route=\/wp\/v2\/posts\/2436","targetHints":{"allow":["GET"]}}],"collection":[{"href":"http:\/\/paulorobertodaradio.com.br\/site\/index.php?rest_route=\/wp\/v2\/posts"}],"about":[{"href":"http:\/\/paulorobertodaradio.com.br\/site\/index.php?rest_route=\/wp\/v2\/types\/post"}],"author":[{"embeddable":true,"href":"http:\/\/paulorobertodaradio.com.br\/site\/index.php?rest_route=\/wp\/v2\/users\/2"}],"replies":[{"embeddable":true,"href":"http:\/\/paulorobertodaradio.com.br\/site\/index.php?rest_route=%2Fwp%2Fv2%2Fcomments&post=2436"}],"version-history":[{"count":2,"href":"http:\/\/paulorobertodaradio.com.br\/site\/index.php?rest_route=\/wp\/v2\/posts\/2436\/revisions"}],"predecessor-version":[{"id":2443,"href":"http:\/\/paulorobertodaradio.com.br\/site\/index.php?rest_route=\/wp\/v2\/posts\/2436\/revisions\/2443"}],"wp:featuredmedia":[{"embeddable":true,"href":"http:\/\/paulorobertodaradio.com.br\/site\/index.php?rest_route=\/wp\/v2\/media\/2437"}],"wp:attachment":[{"href":"http:\/\/paulorobertodaradio.com.br\/site\/index.php?rest_route=%2Fwp%2Fv2%2Fmedia&parent=2436"}],"wp:term":[{"taxonomy":"category","embeddable":true,"href":"http:\/\/paulorobertodaradio.com.br\/site\/index.php?rest_route=%2Fwp%2Fv2%2Fcategories&post=2436"},{"taxonomy":"post_tag","embeddable":true,"href":"http:\/\/paulorobertodaradio.com.br\/site\/index.php?rest_route=%2Fwp%2Fv2%2Ftags&post=2436"}],"curies":[{"name":"wp","href":"https:\/\/api.w.org\/{rel}","templated":true}]}}