{"id":2444,"date":"2014-06-23T12:05:14","date_gmt":"2014-06-23T15:05:14","guid":{"rendered":"http:\/\/paulorobertodaradio.com.br\/site\/?p=2444"},"modified":"2014-06-23T12:05:14","modified_gmt":"2014-06-23T15:05:14","slug":"vieiras-condutor-de-veiculo-e-preso-por-desacato-e-ameaca-a-policiais","status":"publish","type":"post","link":"http:\/\/paulorobertodaradio.com.br\/site\/?p=2444","title":{"rendered":"VIEIRAS: CONDUTOR DE VE\u00cdCULO \u00c9 PRESO POR DESACATO E AMEA\u00c7A A POLICIAIS."},"content":{"rendered":"<p><a style=\"line-height: 1.714285714; font-size: 1rem;\" href=\"http:\/\/paulorobertodaradio.com.br\/site\/wp-content\/uploads\/2014\/06\/descato.jpg\"><img loading=\"lazy\" decoding=\"async\" class=\"aligncenter size-full wp-image-2445\" alt=\"descato\" src=\"http:\/\/paulorobertodaradio.com.br\/site\/wp-content\/uploads\/2014\/06\/descato.jpg\" width=\"640\" height=\"480\" srcset=\"http:\/\/paulorobertodaradio.com.br\/site\/wp-content\/uploads\/2014\/06\/descato.jpg 640w, http:\/\/paulorobertodaradio.com.br\/site\/wp-content\/uploads\/2014\/06\/descato-300x225.jpg 300w, http:\/\/paulorobertodaradio.com.br\/site\/wp-content\/uploads\/2014\/06\/descato-624x468.jpg 624w\" sizes=\"auto, (max-width: 640px) 100vw, 640px\" \/><\/a><br \/>\nNeste s\u00e1bado por volta das 21h30min a PM de Vieiras foi acionada por populares relatando que o condutor de um veiculo VW Gol estaria dirigindo em alta velocidade, sem os cuidados indispens\u00e1veis a seguran\u00e7a do transito, colocando a vida de outros motoristas, motociclistas e pedestres em risco.<\/p>\n<p>Os Policiais sa\u00edram em rastreamento e localizaram o condutor em posto de gasolina da cidade, foi dado ordem para que o mesmo descesse do veiculo e se posicionasse para busca pessoal, tendo ele se recusado a obedecer as ordens dos Policiais, sendo necess\u00e1rio o uso de for\u00e7a f\u00edsica moderada para cont\u00ea-lo e realizar sua pris\u00e3o. Durante sua pris\u00e3o o condutor ainda passou a desacatar e amea\u00e7ar os Militares de servi\u00e7o.<\/p>\n<p>O condutor foi preso em flagrante delito, teve seu carro apreendido e foi conduzido a DPJ de plant\u00e3o em Muria\u00e9 para as demais providencias, agora ele ir\u00e1 responder na justi\u00e7a pelos crimes de desobedi\u00eancia, resist\u00eancia, amea\u00e7a e desacato.<\/p>\n<p>Colabora\u00e7\u00e3o: Miradouronoticias.com<\/p>\n","protected":false},"excerpt":{"rendered":"<p>Neste s\u00e1bado por volta das 21h30min a PM de Vieiras foi acionada por populares relatando que o condutor de um veiculo VW Gol estaria dirigindo em alta velocidade, sem os cuidados indispens\u00e1veis a seguran\u00e7a do transito, colocando a vida de outros motoristas, motociclistas e pedestres em risco. Os Policiais sa\u00edram em rastreamento e localizaram o [&hellip;]<\/p>\n","protected":false},"author":2,"featured_media":0,"comment_status":"open","ping_status":"open","sticky":false,"template":"","format":"standard","meta":{"footnotes":""},"categories":[1],"tags":[],"class_list":["post-2444","post","type-post","status-publish","format-standard","hentry","category-sem-categoria"],"_links":{"self":[{"href":"http:\/\/paulorobertodaradio.com.br\/site\/index.php?rest_route=\/wp\/v2\/posts\/2444","targetHints":{"allow":["GET"]}}],"collection":[{"href":"http:\/\/paulorobertodaradio.com.br\/site\/index.php?rest_route=\/wp\/v2\/posts"}],"about":[{"href":"http:\/\/paulorobertodaradio.com.br\/site\/index.php?rest_route=\/wp\/v2\/types\/post"}],"author":[{"embeddable":true,"href":"http:\/\/paulorobertodaradio.com.br\/site\/index.php?rest_route=\/wp\/v2\/users\/2"}],"replies":[{"embeddable":true,"href":"http:\/\/paulorobertodaradio.com.br\/site\/index.php?rest_route=%2Fwp%2Fv2%2Fcomments&post=2444"}],"version-history":[{"count":1,"href":"http:\/\/paulorobertodaradio.com.br\/site\/index.php?rest_route=\/wp\/v2\/posts\/2444\/revisions"}],"predecessor-version":[{"id":2446,"href":"http:\/\/paulorobertodaradio.com.br\/site\/index.php?rest_route=\/wp\/v2\/posts\/2444\/revisions\/2446"}],"wp:attachment":[{"href":"http:\/\/paulorobertodaradio.com.br\/site\/index.php?rest_route=%2Fwp%2Fv2%2Fmedia&parent=2444"}],"wp:term":[{"taxonomy":"category","embeddable":true,"href":"http:\/\/paulorobertodaradio.com.br\/site\/index.php?rest_route=%2Fwp%2Fv2%2Fcategories&post=2444"},{"taxonomy":"post_tag","embeddable":true,"href":"http:\/\/paulorobertodaradio.com.br\/site\/index.php?rest_route=%2Fwp%2Fv2%2Ftags&post=2444"}],"curies":[{"name":"wp","href":"https:\/\/api.w.org\/{rel}","templated":true}]}}