{"id":2447,"date":"2014-06-23T12:07:44","date_gmt":"2014-06-23T15:07:44","guid":{"rendered":"http:\/\/paulorobertodaradio.com.br\/site\/?p=2447"},"modified":"2014-06-23T12:32:40","modified_gmt":"2014-06-23T15:32:40","slug":"em-muriae-rapaz-e-arma-carregada-sao-apreendidos-no-sao-joaquim","status":"publish","type":"post","link":"http:\/\/paulorobertodaradio.com.br\/site\/?p=2447","title":{"rendered":"EM MURIA\u00c9: RAPAZ E ARMA CARREGADA S\u00c3O APREENDIDOS NO S\u00c3O JOAQUIM."},"content":{"rendered":"<p><a href=\"http:\/\/paulorobertodaradio.com.br\/site\/wp-content\/uploads\/2014\/06\/ARMA-SJOAQUIM.jpg\"><img loading=\"lazy\" decoding=\"async\" class=\"aligncenter size-full wp-image-2448\" alt=\"OLYMPUS DIGITAL CAMERA\" src=\"http:\/\/paulorobertodaradio.com.br\/site\/wp-content\/uploads\/2014\/06\/ARMA-SJOAQUIM.jpg\" width=\"600\" height=\"450\" srcset=\"http:\/\/paulorobertodaradio.com.br\/site\/wp-content\/uploads\/2014\/06\/ARMA-SJOAQUIM.jpg 600w, http:\/\/paulorobertodaradio.com.br\/site\/wp-content\/uploads\/2014\/06\/ARMA-SJOAQUIM-300x225.jpg 300w\" sizes=\"auto, (max-width: 600px) 100vw, 600px\" \/><\/a>Na manh\u00e3 desta segunda-feira (23), na Rua Hebert de Souza, Bairro S\u00e3o Joaquim, os policiais Cabo Alberto Taconi e Soldado Alo\u00edsio apreenderam um rev\u00f3lver de calibre 38, carregado com seis muni\u00e7\u00f5es intactas. O Cabo Carlos Alberto Taconi contou a para a reportagem do\u00a0tribunademuriae.com.br, que ele fazia um patrulhamento pelo Bairro quando o rapaz de 20 anos ao avistar a viatura policial saiu correndo e ele viu quando esse rapaz colocou em cima de um muro um embrulho. Ao averiguar do que se tratava, foi localizada a arma com as muni\u00e7\u00f5es. Esse rapaz foi ent\u00e3o abordado e questionado sobre a arma, quando disse aos policiais que estaria de posse da arma uma vez que vem sofrendo amea\u00e7as de desafetos no Bairro. Ele foi ent\u00e3o conduzido para a Delegacia de Pol\u00edcia juntamente com a arma e muni\u00e7\u00f5es. Quanto aos autores das amea\u00e7as ele n\u00e3o disse nada para a PM, fato que ser\u00e1 investigado pela Pol\u00edcia Civil.<\/p>\n<p>Colabora\u00e7\u00e3o: tribunademuriae.com.br<\/p>\n","protected":false},"excerpt":{"rendered":"<p>Na manh\u00e3 desta segunda-feira (23), na Rua Hebert de Souza, Bairro S\u00e3o Joaquim, os policiais Cabo Alberto Taconi e Soldado Alo\u00edsio apreenderam um rev\u00f3lver de calibre 38, carregado com seis muni\u00e7\u00f5es intactas. O Cabo Carlos Alberto Taconi contou a para a reportagem do\u00a0tribunademuriae.com.br, que ele fazia um patrulhamento pelo Bairro quando o rapaz de 20 [&hellip;]<\/p>\n","protected":false},"author":2,"featured_media":0,"comment_status":"open","ping_status":"open","sticky":false,"template":"","format":"standard","meta":{"footnotes":""},"categories":[1],"tags":[],"class_list":["post-2447","post","type-post","status-publish","format-standard","hentry","category-sem-categoria"],"_links":{"self":[{"href":"http:\/\/paulorobertodaradio.com.br\/site\/index.php?rest_route=\/wp\/v2\/posts\/2447","targetHints":{"allow":["GET"]}}],"collection":[{"href":"http:\/\/paulorobertodaradio.com.br\/site\/index.php?rest_route=\/wp\/v2\/posts"}],"about":[{"href":"http:\/\/paulorobertodaradio.com.br\/site\/index.php?rest_route=\/wp\/v2\/types\/post"}],"author":[{"embeddable":true,"href":"http:\/\/paulorobertodaradio.com.br\/site\/index.php?rest_route=\/wp\/v2\/users\/2"}],"replies":[{"embeddable":true,"href":"http:\/\/paulorobertodaradio.com.br\/site\/index.php?rest_route=%2Fwp%2Fv2%2Fcomments&post=2447"}],"version-history":[{"count":3,"href":"http:\/\/paulorobertodaradio.com.br\/site\/index.php?rest_route=\/wp\/v2\/posts\/2447\/revisions"}],"predecessor-version":[{"id":2450,"href":"http:\/\/paulorobertodaradio.com.br\/site\/index.php?rest_route=\/wp\/v2\/posts\/2447\/revisions\/2450"}],"wp:attachment":[{"href":"http:\/\/paulorobertodaradio.com.br\/site\/index.php?rest_route=%2Fwp%2Fv2%2Fmedia&parent=2447"}],"wp:term":[{"taxonomy":"category","embeddable":true,"href":"http:\/\/paulorobertodaradio.com.br\/site\/index.php?rest_route=%2Fwp%2Fv2%2Fcategories&post=2447"},{"taxonomy":"post_tag","embeddable":true,"href":"http:\/\/paulorobertodaradio.com.br\/site\/index.php?rest_route=%2Fwp%2Fv2%2Ftags&post=2447"}],"curies":[{"name":"wp","href":"https:\/\/api.w.org\/{rel}","templated":true}]}}