{"id":2452,"date":"2014-06-23T20:01:19","date_gmt":"2014-06-23T23:01:19","guid":{"rendered":"http:\/\/paulorobertodaradio.com.br\/site\/?p=2452"},"modified":"2014-06-23T20:12:01","modified_gmt":"2014-06-23T23:12:01","slug":"em-sao-francisco-do-gloria-bandidos-assaltam-posto-de-combustiveis-e-agencia-bancaria","status":"publish","type":"post","link":"http:\/\/paulorobertodaradio.com.br\/site\/?p=2452","title":{"rendered":"EM S\u00c3O FRANCISCO DO GLORIA: BANDIDOS ASSALTAM POSTO DE COMBUST\u00cdVEIS  E AG\u00caNCIA BANC\u00c1RIA."},"content":{"rendered":"<p><a href=\"http:\/\/paulorobertodaradio.com.br\/site\/wp-content\/uploads\/2014\/06\/sfg-policia.jpg\"><img loading=\"lazy\" decoding=\"async\" class=\"aligncenter size-full wp-image-2455\" alt=\"sfg- policia\" src=\"http:\/\/paulorobertodaradio.com.br\/site\/wp-content\/uploads\/2014\/06\/sfg-policia.jpg\" width=\"960\" height=\"720\" srcset=\"http:\/\/paulorobertodaradio.com.br\/site\/wp-content\/uploads\/2014\/06\/sfg-policia.jpg 960w, http:\/\/paulorobertodaradio.com.br\/site\/wp-content\/uploads\/2014\/06\/sfg-policia-300x225.jpg 300w, http:\/\/paulorobertodaradio.com.br\/site\/wp-content\/uploads\/2014\/06\/sfg-policia-624x468.jpg 624w\" sizes=\"auto, (max-width: 960px) 100vw, 960px\" \/><\/a>Por volta das 08:30 desta segunda (23), dois homens de posse de armas calibre longo, chegaram na numa ag\u00eancia banc\u00e1ria de S\u00e3o Francisco do Gloria e renderam o seguran\u00e7a da porta da mesma, e amea\u00e7ando os funcion\u00e1rios do Banco, obrigaram a entregar o dinheiro, celulares e a arma do seguran\u00e7a.<\/p>\n<p>Logo em seguida os dois bandidos fugiram numa moto preta, sentido a zona rural, o que dificulta a localiza\u00e7\u00e3o dos mesmos, j\u00e1 que na zona rural eles podem ter seguido sentido a Carangola, Vieiras, Fervedouro e Miradouro.<\/p>\n<p>A Pol\u00edcia Militar foi acionada, mas estava ocupada atendendo a outra chamada de assalto em Bicu\u00edba, onde tamb\u00e9m dois homens em uma moto, em um posto de combust\u00edveis na BR 116, em Bicu\u00edba, levaram todo dinheiro que estava com o frentista que estava atendendo no Posto que fica as margens da BR 116 .<\/p>\n","protected":false},"excerpt":{"rendered":"<p>Por volta das 08:30 desta segunda (23), dois homens de posse de armas calibre longo, chegaram na numa ag\u00eancia banc\u00e1ria de S\u00e3o Francisco do Gloria e renderam o seguran\u00e7a da porta da mesma, e amea\u00e7ando os funcion\u00e1rios do Banco, obrigaram a entregar o dinheiro, celulares e a arma do seguran\u00e7a. Logo em seguida os dois [&hellip;]<\/p>\n","protected":false},"author":2,"featured_media":0,"comment_status":"open","ping_status":"open","sticky":false,"template":"","format":"standard","meta":{"footnotes":""},"categories":[1],"tags":[],"class_list":["post-2452","post","type-post","status-publish","format-standard","hentry","category-sem-categoria"],"_links":{"self":[{"href":"http:\/\/paulorobertodaradio.com.br\/site\/index.php?rest_route=\/wp\/v2\/posts\/2452","targetHints":{"allow":["GET"]}}],"collection":[{"href":"http:\/\/paulorobertodaradio.com.br\/site\/index.php?rest_route=\/wp\/v2\/posts"}],"about":[{"href":"http:\/\/paulorobertodaradio.com.br\/site\/index.php?rest_route=\/wp\/v2\/types\/post"}],"author":[{"embeddable":true,"href":"http:\/\/paulorobertodaradio.com.br\/site\/index.php?rest_route=\/wp\/v2\/users\/2"}],"replies":[{"embeddable":true,"href":"http:\/\/paulorobertodaradio.com.br\/site\/index.php?rest_route=%2Fwp%2Fv2%2Fcomments&post=2452"}],"version-history":[{"count":3,"href":"http:\/\/paulorobertodaradio.com.br\/site\/index.php?rest_route=\/wp\/v2\/posts\/2452\/revisions"}],"predecessor-version":[{"id":2454,"href":"http:\/\/paulorobertodaradio.com.br\/site\/index.php?rest_route=\/wp\/v2\/posts\/2452\/revisions\/2454"}],"wp:attachment":[{"href":"http:\/\/paulorobertodaradio.com.br\/site\/index.php?rest_route=%2Fwp%2Fv2%2Fmedia&parent=2452"}],"wp:term":[{"taxonomy":"category","embeddable":true,"href":"http:\/\/paulorobertodaradio.com.br\/site\/index.php?rest_route=%2Fwp%2Fv2%2Fcategories&post=2452"},{"taxonomy":"post_tag","embeddable":true,"href":"http:\/\/paulorobertodaradio.com.br\/site\/index.php?rest_route=%2Fwp%2Fv2%2Ftags&post=2452"}],"curies":[{"name":"wp","href":"https:\/\/api.w.org\/{rel}","templated":true}]}}