{"id":2457,"date":"2014-06-24T09:39:17","date_gmt":"2014-06-24T12:39:17","guid":{"rendered":"http:\/\/paulorobertodaradio.com.br\/site\/?p=2457"},"modified":"2014-06-24T09:39:17","modified_gmt":"2014-06-24T12:39:17","slug":"em-fervedouro-atendimento-juridico-aos-servidores-publicos","status":"publish","type":"post","link":"http:\/\/paulorobertodaradio.com.br\/site\/?p=2457","title":{"rendered":"EM FERVEDOURO: ATENDIMENTO JUR\u00cdDICO AOS SERVIDORES P\u00daBLICOS"},"content":{"rendered":"<p><a href=\"http:\/\/paulorobertodaradio.com.br\/site\/wp-content\/uploads\/2014\/06\/FERVEDOURO-vista-aerea.jpg\"><img loading=\"lazy\" decoding=\"async\" class=\"aligncenter size-full wp-image-2458\" alt=\"FERVEDOURO- vista aerea\" src=\"http:\/\/paulorobertodaradio.com.br\/site\/wp-content\/uploads\/2014\/06\/FERVEDOURO-vista-aerea.jpg\" width=\"550\" height=\"368\" srcset=\"http:\/\/paulorobertodaradio.com.br\/site\/wp-content\/uploads\/2014\/06\/FERVEDOURO-vista-aerea.jpg 550w, http:\/\/paulorobertodaradio.com.br\/site\/wp-content\/uploads\/2014\/06\/FERVEDOURO-vista-aerea-300x200.jpg 300w\" sizes=\"auto, (max-width: 550px) 100vw, 550px\" \/><\/a>CONVIDAMOS OS SERVIDORES P\u00daBLICOS DO MUNIC\u00cdPIO DE FERVEDOURO, PARA ATENDIMENTO JUR\u00cdDICO QUARTA-FEIRA, DIA 25\/06\/2014 A PARTIR DAS 14H AT\u00c9 \u00c1S 17:30H \u00a0 NA ESCOLA JOAQUIM BARTHOLOMEU PEDROSA. O CONVITE \u00c9 DO SINDICATO DOS SERVIDORES P\u00daBLICOS DE MURIA\u00c9 E REGI\u00c3O.<\/p>\n","protected":false},"excerpt":{"rendered":"<p>CONVIDAMOS OS SERVIDORES P\u00daBLICOS DO MUNIC\u00cdPIO DE FERVEDOURO, PARA ATENDIMENTO JUR\u00cdDICO QUARTA-FEIRA, DIA 25\/06\/2014 A PARTIR DAS 14H AT\u00c9 \u00c1S 17:30H \u00a0 NA ESCOLA JOAQUIM BARTHOLOMEU PEDROSA. O CONVITE \u00c9 DO SINDICATO DOS SERVIDORES P\u00daBLICOS DE MURIA\u00c9 E REGI\u00c3O.<\/p>\n","protected":false},"author":2,"featured_media":0,"comment_status":"open","ping_status":"open","sticky":false,"template":"","format":"standard","meta":{"footnotes":""},"categories":[1],"tags":[],"class_list":["post-2457","post","type-post","status-publish","format-standard","hentry","category-sem-categoria"],"_links":{"self":[{"href":"http:\/\/paulorobertodaradio.com.br\/site\/index.php?rest_route=\/wp\/v2\/posts\/2457","targetHints":{"allow":["GET"]}}],"collection":[{"href":"http:\/\/paulorobertodaradio.com.br\/site\/index.php?rest_route=\/wp\/v2\/posts"}],"about":[{"href":"http:\/\/paulorobertodaradio.com.br\/site\/index.php?rest_route=\/wp\/v2\/types\/post"}],"author":[{"embeddable":true,"href":"http:\/\/paulorobertodaradio.com.br\/site\/index.php?rest_route=\/wp\/v2\/users\/2"}],"replies":[{"embeddable":true,"href":"http:\/\/paulorobertodaradio.com.br\/site\/index.php?rest_route=%2Fwp%2Fv2%2Fcomments&post=2457"}],"version-history":[{"count":1,"href":"http:\/\/paulorobertodaradio.com.br\/site\/index.php?rest_route=\/wp\/v2\/posts\/2457\/revisions"}],"predecessor-version":[{"id":2459,"href":"http:\/\/paulorobertodaradio.com.br\/site\/index.php?rest_route=\/wp\/v2\/posts\/2457\/revisions\/2459"}],"wp:attachment":[{"href":"http:\/\/paulorobertodaradio.com.br\/site\/index.php?rest_route=%2Fwp%2Fv2%2Fmedia&parent=2457"}],"wp:term":[{"taxonomy":"category","embeddable":true,"href":"http:\/\/paulorobertodaradio.com.br\/site\/index.php?rest_route=%2Fwp%2Fv2%2Fcategories&post=2457"},{"taxonomy":"post_tag","embeddable":true,"href":"http:\/\/paulorobertodaradio.com.br\/site\/index.php?rest_route=%2Fwp%2Fv2%2Ftags&post=2457"}],"curies":[{"name":"wp","href":"https:\/\/api.w.org\/{rel}","templated":true}]}}