{"id":2460,"date":"2014-06-24T09:42:29","date_gmt":"2014-06-24T12:42:29","guid":{"rendered":"http:\/\/paulorobertodaradio.com.br\/site\/?p=2460"},"modified":"2014-06-24T09:42:29","modified_gmt":"2014-06-24T12:42:29","slug":"em-carangola-jovem-e-assassinado-com-tres-tiros","status":"publish","type":"post","link":"http:\/\/paulorobertodaradio.com.br\/site\/?p=2460","title":{"rendered":"EM CARANGOLA: JOVEM \u00c9 ASSASSINADO COM TR\u00caS TIROS"},"content":{"rendered":"<p><a href=\"http:\/\/paulorobertodaradio.com.br\/site\/wp-content\/uploads\/2014\/06\/farol-policia1.jpg\"><img loading=\"lazy\" decoding=\"async\" class=\"size-full wp-image-2461 alignleft\" alt=\"farol policia\" src=\"http:\/\/paulorobertodaradio.com.br\/site\/wp-content\/uploads\/2014\/06\/farol-policia1.jpg\" width=\"400\" height=\"300\" srcset=\"http:\/\/paulorobertodaradio.com.br\/site\/wp-content\/uploads\/2014\/06\/farol-policia1.jpg 400w, http:\/\/paulorobertodaradio.com.br\/site\/wp-content\/uploads\/2014\/06\/farol-policia1-300x225.jpg 300w\" sizes=\"auto, (max-width: 400px) 100vw, 400px\" \/><\/a>&#8220;Enquanto muitos e a maioria comemoravam a vit\u00f3ria da Sele\u00e7\u00e3o Brasileira em diversos pontos da cidade e em todo o Pa\u00eds. Uma inexplic\u00e1vel grotesca e ignorante atitude tira a alegria da maioria e faz mais uma v\u00edtima da inexplic\u00e1vel guerra do inexplic\u00e1vel\u201d. \u201cN\u00e3o h\u00e1 palavras para contar esse triste e inexplic\u00e1vel fato que vitimou mais um jovem nessa guerra da ignor\u00e2ncia\u201d. Em Carangola, na noite dessa segunda feira dois meliantes em uma moto abordaram um jovem e atiraram tr\u00eas vezes contra a sua cabe\u00e7a. O jovem foi socorrido pelo Grupo de Bombeiros Volunt\u00e1rios de Carangola e chegou a \u00f3bito no Pronto Socorro da Casa de Caridade de Carangola. Os autores fugiram em uma moto.A PM isolou o local, faz rastreamento para localizar os autores do homic\u00eddio e tamb\u00e9m solicitou o servi\u00e7o da per\u00edcia.<\/p>\n<p>Fonte: \u00c9 o Combatente\/ Carangola<\/p>\n","protected":false},"excerpt":{"rendered":"<p>&#8220;Enquanto muitos e a maioria comemoravam a vit\u00f3ria da Sele\u00e7\u00e3o Brasileira em diversos pontos da cidade e em todo o Pa\u00eds. Uma inexplic\u00e1vel grotesca e ignorante atitude tira a alegria da maioria e faz mais uma v\u00edtima da inexplic\u00e1vel guerra do inexplic\u00e1vel\u201d. \u201cN\u00e3o h\u00e1 palavras para contar esse triste e inexplic\u00e1vel fato que vitimou mais [&hellip;]<\/p>\n","protected":false},"author":2,"featured_media":0,"comment_status":"open","ping_status":"open","sticky":false,"template":"","format":"standard","meta":{"footnotes":""},"categories":[1],"tags":[],"class_list":["post-2460","post","type-post","status-publish","format-standard","hentry","category-sem-categoria"],"_links":{"self":[{"href":"http:\/\/paulorobertodaradio.com.br\/site\/index.php?rest_route=\/wp\/v2\/posts\/2460","targetHints":{"allow":["GET"]}}],"collection":[{"href":"http:\/\/paulorobertodaradio.com.br\/site\/index.php?rest_route=\/wp\/v2\/posts"}],"about":[{"href":"http:\/\/paulorobertodaradio.com.br\/site\/index.php?rest_route=\/wp\/v2\/types\/post"}],"author":[{"embeddable":true,"href":"http:\/\/paulorobertodaradio.com.br\/site\/index.php?rest_route=\/wp\/v2\/users\/2"}],"replies":[{"embeddable":true,"href":"http:\/\/paulorobertodaradio.com.br\/site\/index.php?rest_route=%2Fwp%2Fv2%2Fcomments&post=2460"}],"version-history":[{"count":2,"href":"http:\/\/paulorobertodaradio.com.br\/site\/index.php?rest_route=\/wp\/v2\/posts\/2460\/revisions"}],"predecessor-version":[{"id":2463,"href":"http:\/\/paulorobertodaradio.com.br\/site\/index.php?rest_route=\/wp\/v2\/posts\/2460\/revisions\/2463"}],"wp:attachment":[{"href":"http:\/\/paulorobertodaradio.com.br\/site\/index.php?rest_route=%2Fwp%2Fv2%2Fmedia&parent=2460"}],"wp:term":[{"taxonomy":"category","embeddable":true,"href":"http:\/\/paulorobertodaradio.com.br\/site\/index.php?rest_route=%2Fwp%2Fv2%2Fcategories&post=2460"},{"taxonomy":"post_tag","embeddable":true,"href":"http:\/\/paulorobertodaradio.com.br\/site\/index.php?rest_route=%2Fwp%2Fv2%2Ftags&post=2460"}],"curies":[{"name":"wp","href":"https:\/\/api.w.org\/{rel}","templated":true}]}}