{"id":2470,"date":"2014-06-24T11:36:09","date_gmt":"2014-06-24T14:36:09","guid":{"rendered":"http:\/\/paulorobertodaradio.com.br\/site\/?p=2470"},"modified":"2014-06-24T11:36:09","modified_gmt":"2014-06-24T14:36:09","slug":"em-miradouro-pronto-atendimento-24-horas-atende-quase-1000-solicitacoes","status":"publish","type":"post","link":"http:\/\/paulorobertodaradio.com.br\/site\/?p=2470","title":{"rendered":"EM MIRADOURO: PRONTO ATENDIMENTO 24 HORAS ATENDE QUASE 1000 SOLICITA\u00c7\u00d5ES"},"content":{"rendered":"<p><span style=\"line-height: 1.714285714; font-size: 1rem;\"><a href=\"http:\/\/paulorobertodaradio.com.br\/site\/wp-content\/uploads\/2014\/06\/hospital-mir01.jpg\"><img loading=\"lazy\" decoding=\"async\" class=\"aligncenter size-full wp-image-2471\" alt=\"hospital mir01\" src=\"http:\/\/paulorobertodaradio.com.br\/site\/wp-content\/uploads\/2014\/06\/hospital-mir01.jpg\" width=\"590\" height=\"443\" srcset=\"http:\/\/paulorobertodaradio.com.br\/site\/wp-content\/uploads\/2014\/06\/hospital-mir01.jpg 590w, http:\/\/paulorobertodaradio.com.br\/site\/wp-content\/uploads\/2014\/06\/hospital-mir01-300x225.jpg 300w\" sizes=\"auto, (max-width: 590px) 100vw, 590px\" \/><\/a>O Pronto Atendimento 24 horas de Miradouro, mais conhecido por todos como Hospital Wilkinson de Souza Meirelles, est\u00e1 funcionando a todo vapor e neste \u00faltimo m\u00eas, no per\u00edodo compreendido entre 21 de maio a 20 de junho, fechou seu relat\u00f3rio com um total de 902 atendimentos a pacientes n\u00e3o s\u00f3 de Miradouro, mas tamb\u00e9m de cidades da regi\u00e3o, como Vieiras, S\u00e3o Francisco do Gl\u00f3ria, Eugen\u00f3polis e outras, conforme informou o coordenador da unidade e coordenador da aten\u00e7\u00e3o b\u00e1sica da Secretaria Municipal de Sa\u00fade, Daniel Camacho da Matta.<\/span><\/p>\n<p><span style=\"line-height: 1.714285714; font-size: 1rem;\"><a href=\"http:\/\/paulorobertodaradio.com.br\/site\/wp-content\/uploads\/2014\/06\/hospital-mir02.jpg\"><img loading=\"lazy\" decoding=\"async\" class=\"aligncenter size-full wp-image-2472\" alt=\"hospital mir02\" src=\"http:\/\/paulorobertodaradio.com.br\/site\/wp-content\/uploads\/2014\/06\/hospital-mir02.jpg\" width=\"590\" height=\"341\" srcset=\"http:\/\/paulorobertodaradio.com.br\/site\/wp-content\/uploads\/2014\/06\/hospital-mir02.jpg 590w, http:\/\/paulorobertodaradio.com.br\/site\/wp-content\/uploads\/2014\/06\/hospital-mir02-300x173.jpg 300w\" sizes=\"auto, (max-width: 590px) 100vw, 590px\" \/><\/a><\/span><\/p>\n<p>&nbsp;<\/p>\n<p>Colabora\u00e7\u00e3o: K\u00e1tia- assessoria da prefeitura Municipal.<\/p>\n","protected":false},"excerpt":{"rendered":"<p>O Pronto Atendimento 24 horas de Miradouro, mais conhecido por todos como Hospital Wilkinson de Souza Meirelles, est\u00e1 funcionando a todo vapor e neste \u00faltimo m\u00eas, no per\u00edodo compreendido entre 21 de maio a 20 de junho, fechou seu relat\u00f3rio com um total de 902 atendimentos a pacientes n\u00e3o s\u00f3 de Miradouro, mas tamb\u00e9m de [&hellip;]<\/p>\n","protected":false},"author":2,"featured_media":0,"comment_status":"open","ping_status":"open","sticky":false,"template":"","format":"standard","meta":{"footnotes":""},"categories":[1],"tags":[],"class_list":["post-2470","post","type-post","status-publish","format-standard","hentry","category-sem-categoria"],"_links":{"self":[{"href":"http:\/\/paulorobertodaradio.com.br\/site\/index.php?rest_route=\/wp\/v2\/posts\/2470","targetHints":{"allow":["GET"]}}],"collection":[{"href":"http:\/\/paulorobertodaradio.com.br\/site\/index.php?rest_route=\/wp\/v2\/posts"}],"about":[{"href":"http:\/\/paulorobertodaradio.com.br\/site\/index.php?rest_route=\/wp\/v2\/types\/post"}],"author":[{"embeddable":true,"href":"http:\/\/paulorobertodaradio.com.br\/site\/index.php?rest_route=\/wp\/v2\/users\/2"}],"replies":[{"embeddable":true,"href":"http:\/\/paulorobertodaradio.com.br\/site\/index.php?rest_route=%2Fwp%2Fv2%2Fcomments&post=2470"}],"version-history":[{"count":1,"href":"http:\/\/paulorobertodaradio.com.br\/site\/index.php?rest_route=\/wp\/v2\/posts\/2470\/revisions"}],"predecessor-version":[{"id":2473,"href":"http:\/\/paulorobertodaradio.com.br\/site\/index.php?rest_route=\/wp\/v2\/posts\/2470\/revisions\/2473"}],"wp:attachment":[{"href":"http:\/\/paulorobertodaradio.com.br\/site\/index.php?rest_route=%2Fwp%2Fv2%2Fmedia&parent=2470"}],"wp:term":[{"taxonomy":"category","embeddable":true,"href":"http:\/\/paulorobertodaradio.com.br\/site\/index.php?rest_route=%2Fwp%2Fv2%2Fcategories&post=2470"},{"taxonomy":"post_tag","embeddable":true,"href":"http:\/\/paulorobertodaradio.com.br\/site\/index.php?rest_route=%2Fwp%2Fv2%2Ftags&post=2470"}],"curies":[{"name":"wp","href":"https:\/\/api.w.org\/{rel}","templated":true}]}}