{"id":2474,"date":"2014-06-24T11:52:09","date_gmt":"2014-06-24T14:52:09","guid":{"rendered":"http:\/\/paulorobertodaradio.com.br\/site\/?p=2474"},"modified":"2014-06-24T11:53:24","modified_gmt":"2014-06-24T14:53:24","slug":"em-muriae-prefeitura-de-muriae-e-caixa-sorteam-moradias-no-dornelas","status":"publish","type":"post","link":"http:\/\/paulorobertodaradio.com.br\/site\/?p=2474","title":{"rendered":"EM MURIA\u00c9: PREFEITURA DE MURIA\u00c9 E CAIXA SORTEAM MORADIAS NO DORNELAS."},"content":{"rendered":"<p><span style=\"color: #ff0000;\"><strong>Sorteio apontou qual apartamento ser\u00e1 entregue para cada fam\u00edlia cadastrada.<\/strong><\/span><br \/>\n<a href=\"http:\/\/paulorobertodaradio.com.br\/site\/wp-content\/uploads\/2014\/06\/PREFEITURA-MURIA\u00c9.jpg\"><img loading=\"lazy\" decoding=\"async\" class=\"aligncenter size-full wp-image-2475\" alt=\"PREFEITURA MURIA\u00c9\" src=\"http:\/\/paulorobertodaradio.com.br\/site\/wp-content\/uploads\/2014\/06\/PREFEITURA-MURIA\u00c9.jpg\" width=\"640\" height=\"427\" srcset=\"http:\/\/paulorobertodaradio.com.br\/site\/wp-content\/uploads\/2014\/06\/PREFEITURA-MURIA\u00c9.jpg 640w, http:\/\/paulorobertodaradio.com.br\/site\/wp-content\/uploads\/2014\/06\/PREFEITURA-MURIA\u00c9-300x200.jpg 300w, http:\/\/paulorobertodaradio.com.br\/site\/wp-content\/uploads\/2014\/06\/PREFEITURA-MURIA\u00c9-624x416.jpg 624w\" sizes=\"auto, (max-width: 640px) 100vw, 640px\" \/><\/a>O sonho da casa pr\u00f3pria est\u00e1 muito pr\u00f3ximo de se realizar para 160 fam\u00edlias muriaeenses. A Prefeitura de Muria\u00e9 e a Caixa Econ\u00f4mica Federal promoveram, na \u00faltima quarta-feira (18), o sorteio dos apartamentos do Residencial Jo\u00e3o Braz, localizado no bairro Dornelas II. O evento aconteceu no gin\u00e1sio da Pra\u00e7a Paulo de Oliveira Carvalho, na Barra, \u00e0s 14h.<\/p>\n<p>&#8211; \u00c9 com muita satisfa\u00e7\u00e3o que fizemos este sorteio, pois ele representou um passo importante para a finaliza\u00e7\u00e3o da obra e para que as fam\u00edlias conquistem seus apartamentos. Agora estamos nos preparando para a inaugura\u00e7\u00e3o do residencial e a entrega definitiva dos im\u00f3veis aos contemplados &#8211; afirma o prefeito Aloysio Aquino.<\/p>\n<p>Constru\u00eddo a partir do programa &#8220;Minha Casa, Minha Vida&#8221;, o Residencial Jo\u00e3o Braz \u00e9 formado 10 pr\u00e9dios de quatro andares, totalizando 160 apartamentos. Cada moradia conta com sala, cozinha, banheiro, \u00e1rea de servi\u00e7o e dois quartos, al\u00e9m de local pr\u00f3prio para estacionamento. Al\u00e9m disso, os futuros moradores ter\u00e3o quadra poliesportiva e \u00e1rea de conviv\u00eancia para a realiza\u00e7\u00e3o de atividades e eventos.<\/p>\n<p>A infraestrutura do local tamb\u00e9m est\u00e1 pronta, com reservat\u00f3rio pr\u00f3prio de \u00e1gua e redes sanit\u00e1rias conclu\u00eddas. J\u00e1 a rua de acesso ao residencial foi totalmente pavimentada durante a \u00faltima etapa das obras de asfaltamento em Muria\u00e9.<\/p>\n<p>Fonte: assessoria da prefeitura de Muria\u00e9- Foto: tribuna de Muria\u00e9- Jos\u00e9 Carlos Alves<\/p>\n","protected":false},"excerpt":{"rendered":"<p>Sorteio apontou qual apartamento ser\u00e1 entregue para cada fam\u00edlia cadastrada. O sonho da casa pr\u00f3pria est\u00e1 muito pr\u00f3ximo de se realizar para 160 fam\u00edlias muriaeenses. A Prefeitura de Muria\u00e9 e a Caixa Econ\u00f4mica Federal promoveram, na \u00faltima quarta-feira (18), o sorteio dos apartamentos do Residencial Jo\u00e3o Braz, localizado no bairro Dornelas II. O evento aconteceu [&hellip;]<\/p>\n","protected":false},"author":2,"featured_media":0,"comment_status":"open","ping_status":"open","sticky":false,"template":"","format":"standard","meta":{"footnotes":""},"categories":[1],"tags":[],"class_list":["post-2474","post","type-post","status-publish","format-standard","hentry","category-sem-categoria"],"_links":{"self":[{"href":"http:\/\/paulorobertodaradio.com.br\/site\/index.php?rest_route=\/wp\/v2\/posts\/2474","targetHints":{"allow":["GET"]}}],"collection":[{"href":"http:\/\/paulorobertodaradio.com.br\/site\/index.php?rest_route=\/wp\/v2\/posts"}],"about":[{"href":"http:\/\/paulorobertodaradio.com.br\/site\/index.php?rest_route=\/wp\/v2\/types\/post"}],"author":[{"embeddable":true,"href":"http:\/\/paulorobertodaradio.com.br\/site\/index.php?rest_route=\/wp\/v2\/users\/2"}],"replies":[{"embeddable":true,"href":"http:\/\/paulorobertodaradio.com.br\/site\/index.php?rest_route=%2Fwp%2Fv2%2Fcomments&post=2474"}],"version-history":[{"count":3,"href":"http:\/\/paulorobertodaradio.com.br\/site\/index.php?rest_route=\/wp\/v2\/posts\/2474\/revisions"}],"predecessor-version":[{"id":2477,"href":"http:\/\/paulorobertodaradio.com.br\/site\/index.php?rest_route=\/wp\/v2\/posts\/2474\/revisions\/2477"}],"wp:attachment":[{"href":"http:\/\/paulorobertodaradio.com.br\/site\/index.php?rest_route=%2Fwp%2Fv2%2Fmedia&parent=2474"}],"wp:term":[{"taxonomy":"category","embeddable":true,"href":"http:\/\/paulorobertodaradio.com.br\/site\/index.php?rest_route=%2Fwp%2Fv2%2Fcategories&post=2474"},{"taxonomy":"post_tag","embeddable":true,"href":"http:\/\/paulorobertodaradio.com.br\/site\/index.php?rest_route=%2Fwp%2Fv2%2Ftags&post=2474"}],"curies":[{"name":"wp","href":"https:\/\/api.w.org\/{rel}","templated":true}]}}