{"id":2479,"date":"2014-06-25T10:29:53","date_gmt":"2014-06-25T13:29:53","guid":{"rendered":"http:\/\/paulorobertodaradio.com.br\/site\/?p=2479"},"modified":"2014-06-25T10:29:53","modified_gmt":"2014-06-25T13:29:53","slug":"em-muriae-homem-e-assassinado-na-barra","status":"publish","type":"post","link":"http:\/\/paulorobertodaradio.com.br\/site\/?p=2479","title":{"rendered":"EM MURIA\u00c9: HOMEM \u00c9 ASSASSINADO NA BARRA"},"content":{"rendered":"<p><a href=\"http:\/\/paulorobertodaradio.com.br\/site\/wp-content\/uploads\/2014\/06\/HOMEM-MORTO01.jpg\"><img loading=\"lazy\" decoding=\"async\" class=\"aligncenter size-full wp-image-2480\" alt=\"HOMEM MORTO01\" src=\"http:\/\/paulorobertodaradio.com.br\/site\/wp-content\/uploads\/2014\/06\/HOMEM-MORTO01.jpg\" width=\"620\" height=\"465\" srcset=\"http:\/\/paulorobertodaradio.com.br\/site\/wp-content\/uploads\/2014\/06\/HOMEM-MORTO01.jpg 620w, http:\/\/paulorobertodaradio.com.br\/site\/wp-content\/uploads\/2014\/06\/HOMEM-MORTO01-300x225.jpg 300w\" sizes=\"auto, (max-width: 620px) 100vw, 620px\" \/><\/a>Um homem foi morto a tiro na Rua Julio Brand\u00e3o, bairro da Barra, no final da madrugada desta quarta-feira. A Pol\u00edcia Militar e o Corpo de Bombeiros foram acionados e compareceram ao local indicado pelos populares e depararam com o homem ca\u00eddo na rua e j\u00e1 sem vida. Foi informado tamb\u00e9m por populares que a v\u00edtima, que estava sem documentos, seria \u201cPereira\u201d ou \u201cNeg\u00e3o Pereira\u201d, morador do bairro Santo Ant\u00f4nio. O tiro teria acertado a nuca. A PM estava com uma informa\u00e7\u00e3o que no bairro da Barra havia ocorrido uma briga envolvendo a v\u00edtima, e pouco tempo depois, quando os militares, Cabo Kaiser e Sd. Gouveia faziam patrulhamento, depararam com o envolvido morto na Rua J\u00falio Brand\u00e3o. \u00a0Tamb\u00e9m estiveram presentes no local, o delegado de plant\u00e3o da 4\u00aa DRPC, Dr. Tayrony Spindola e a Per\u00edcia T\u00e9cnica, atrav\u00e9s da perito criminal, D\u00e9bora. \u00c9 0 12\u00ba assassinato e o 5\u00ba no m\u00eas de junho.<a href=\"http:\/\/paulorobertodaradio.com.br\/site\/wp-content\/uploads\/2014\/06\/HOMEM-MORTO02.jpg\"><img loading=\"lazy\" decoding=\"async\" class=\"aligncenter size-full wp-image-2481\" alt=\"HOMEM MORTO02\" src=\"http:\/\/paulorobertodaradio.com.br\/site\/wp-content\/uploads\/2014\/06\/HOMEM-MORTO02.jpg\" width=\"620\" height=\"465\" srcset=\"http:\/\/paulorobertodaradio.com.br\/site\/wp-content\/uploads\/2014\/06\/HOMEM-MORTO02.jpg 620w, http:\/\/paulorobertodaradio.com.br\/site\/wp-content\/uploads\/2014\/06\/HOMEM-MORTO02-300x225.jpg 300w\" sizes=\"auto, (max-width: 620px) 100vw, 620px\" \/><\/a><\/p>\n<p>Colabora\u00e7\u00e3o: silvanalves.com.br<\/p>\n<p>&nbsp;<\/p>\n","protected":false},"excerpt":{"rendered":"<p>Um homem foi morto a tiro na Rua Julio Brand\u00e3o, bairro da Barra, no final da madrugada desta quarta-feira. A Pol\u00edcia Militar e o Corpo de Bombeiros foram acionados e compareceram ao local indicado pelos populares e depararam com o homem ca\u00eddo na rua e j\u00e1 sem vida. Foi informado tamb\u00e9m por populares que a [&hellip;]<\/p>\n","protected":false},"author":2,"featured_media":0,"comment_status":"open","ping_status":"open","sticky":false,"template":"","format":"standard","meta":{"footnotes":""},"categories":[1],"tags":[],"class_list":["post-2479","post","type-post","status-publish","format-standard","hentry","category-sem-categoria"],"_links":{"self":[{"href":"http:\/\/paulorobertodaradio.com.br\/site\/index.php?rest_route=\/wp\/v2\/posts\/2479","targetHints":{"allow":["GET"]}}],"collection":[{"href":"http:\/\/paulorobertodaradio.com.br\/site\/index.php?rest_route=\/wp\/v2\/posts"}],"about":[{"href":"http:\/\/paulorobertodaradio.com.br\/site\/index.php?rest_route=\/wp\/v2\/types\/post"}],"author":[{"embeddable":true,"href":"http:\/\/paulorobertodaradio.com.br\/site\/index.php?rest_route=\/wp\/v2\/users\/2"}],"replies":[{"embeddable":true,"href":"http:\/\/paulorobertodaradio.com.br\/site\/index.php?rest_route=%2Fwp%2Fv2%2Fcomments&post=2479"}],"version-history":[{"count":2,"href":"http:\/\/paulorobertodaradio.com.br\/site\/index.php?rest_route=\/wp\/v2\/posts\/2479\/revisions"}],"predecessor-version":[{"id":2483,"href":"http:\/\/paulorobertodaradio.com.br\/site\/index.php?rest_route=\/wp\/v2\/posts\/2479\/revisions\/2483"}],"wp:attachment":[{"href":"http:\/\/paulorobertodaradio.com.br\/site\/index.php?rest_route=%2Fwp%2Fv2%2Fmedia&parent=2479"}],"wp:term":[{"taxonomy":"category","embeddable":true,"href":"http:\/\/paulorobertodaradio.com.br\/site\/index.php?rest_route=%2Fwp%2Fv2%2Fcategories&post=2479"},{"taxonomy":"post_tag","embeddable":true,"href":"http:\/\/paulorobertodaradio.com.br\/site\/index.php?rest_route=%2Fwp%2Fv2%2Ftags&post=2479"}],"curies":[{"name":"wp","href":"https:\/\/api.w.org\/{rel}","templated":true}]}}