{"id":2484,"date":"2014-06-25T10:32:26","date_gmt":"2014-06-25T13:32:26","guid":{"rendered":"http:\/\/paulorobertodaradio.com.br\/site\/?p=2484"},"modified":"2014-06-25T10:44:07","modified_gmt":"2014-06-25T13:44:07","slug":"em-muriae-familia-procura-por-desaparecido","status":"publish","type":"post","link":"http:\/\/paulorobertodaradio.com.br\/site\/?p=2484","title":{"rendered":"EM MURIA\u00c9: FAM\u00cdLIA PROCURA POR DESAPARECIDO"},"content":{"rendered":"<p><a href=\"http:\/\/paulorobertodaradio.com.br\/site\/wp-content\/uploads\/2014\/06\/DESAPARECIDO_405x620.jpg\"><img loading=\"lazy\" decoding=\"async\" class=\"aligncenter size-full wp-image-2485\" alt=\"DESAPARECIDO_405x620\" src=\"http:\/\/paulorobertodaradio.com.br\/site\/wp-content\/uploads\/2014\/06\/DESAPARECIDO_405x620.jpg\" width=\"405\" height=\"620\" srcset=\"http:\/\/paulorobertodaradio.com.br\/site\/wp-content\/uploads\/2014\/06\/DESAPARECIDO_405x620.jpg 405w, http:\/\/paulorobertodaradio.com.br\/site\/wp-content\/uploads\/2014\/06\/DESAPARECIDO_405x620-195x300.jpg 195w\" sizes=\"auto, (max-width: 405px) 100vw, 405px\" \/><\/a>Est\u00e1 desaparecido desde o dia 20 deste m\u00eas, sexta-feira, Evandro dos Santos G\u00e9rson, 40 anos. Na ocasi\u00e3o, ele foi visto na Rua Rosa Moreira, no bairro Santo Ant\u00f4nio, em Muria\u00e9-MG. Evandro sofre de esquizofrenia, mas nunca havia desaparecido. Contato: (32)8861.4966 Ana Paula (irm\u00e3).<\/p>\n","protected":false},"excerpt":{"rendered":"<p>Est\u00e1 desaparecido desde o dia 20 deste m\u00eas, sexta-feira, Evandro dos Santos G\u00e9rson, 40 anos. Na ocasi\u00e3o, ele foi visto na Rua Rosa Moreira, no bairro Santo Ant\u00f4nio, em Muria\u00e9-MG. Evandro sofre de esquizofrenia, mas nunca havia desaparecido. Contato: (32)8861.4966 Ana Paula (irm\u00e3).<\/p>\n","protected":false},"author":2,"featured_media":0,"comment_status":"open","ping_status":"open","sticky":false,"template":"","format":"standard","meta":{"footnotes":""},"categories":[1],"tags":[],"class_list":["post-2484","post","type-post","status-publish","format-standard","hentry","category-sem-categoria"],"_links":{"self":[{"href":"http:\/\/paulorobertodaradio.com.br\/site\/index.php?rest_route=\/wp\/v2\/posts\/2484","targetHints":{"allow":["GET"]}}],"collection":[{"href":"http:\/\/paulorobertodaradio.com.br\/site\/index.php?rest_route=\/wp\/v2\/posts"}],"about":[{"href":"http:\/\/paulorobertodaradio.com.br\/site\/index.php?rest_route=\/wp\/v2\/types\/post"}],"author":[{"embeddable":true,"href":"http:\/\/paulorobertodaradio.com.br\/site\/index.php?rest_route=\/wp\/v2\/users\/2"}],"replies":[{"embeddable":true,"href":"http:\/\/paulorobertodaradio.com.br\/site\/index.php?rest_route=%2Fwp%2Fv2%2Fcomments&post=2484"}],"version-history":[{"count":2,"href":"http:\/\/paulorobertodaradio.com.br\/site\/index.php?rest_route=\/wp\/v2\/posts\/2484\/revisions"}],"predecessor-version":[{"id":2486,"href":"http:\/\/paulorobertodaradio.com.br\/site\/index.php?rest_route=\/wp\/v2\/posts\/2484\/revisions\/2486"}],"wp:attachment":[{"href":"http:\/\/paulorobertodaradio.com.br\/site\/index.php?rest_route=%2Fwp%2Fv2%2Fmedia&parent=2484"}],"wp:term":[{"taxonomy":"category","embeddable":true,"href":"http:\/\/paulorobertodaradio.com.br\/site\/index.php?rest_route=%2Fwp%2Fv2%2Fcategories&post=2484"},{"taxonomy":"post_tag","embeddable":true,"href":"http:\/\/paulorobertodaradio.com.br\/site\/index.php?rest_route=%2Fwp%2Fv2%2Ftags&post=2484"}],"curies":[{"name":"wp","href":"https:\/\/api.w.org\/{rel}","templated":true}]}}