{"id":2500,"date":"2014-06-25T12:16:09","date_gmt":"2014-06-25T15:16:09","guid":{"rendered":"http:\/\/paulorobertodaradio.com.br\/site\/?p=2500"},"modified":"2014-06-25T12:16:09","modified_gmt":"2014-06-25T15:16:09","slug":"no-brasil-comeca-em-julho-o-pagamento-do-pis","status":"publish","type":"post","link":"http:\/\/paulorobertodaradio.com.br\/site\/?p=2500","title":{"rendered":"NO BRASIL: COME\u00c7A EM JULHO O PAGAMENTO DO PIS"},"content":{"rendered":"<p><a href=\"http:\/\/paulorobertodaradio.com.br\/site\/wp-content\/uploads\/2014\/06\/dinheiro.jpg\"><img loading=\"lazy\" decoding=\"async\" class=\"aligncenter size-full wp-image-2501\" alt=\"dinheiro\" src=\"http:\/\/paulorobertodaradio.com.br\/site\/wp-content\/uploads\/2014\/06\/dinheiro.jpg\" width=\"590\" height=\"443\" srcset=\"http:\/\/paulorobertodaradio.com.br\/site\/wp-content\/uploads\/2014\/06\/dinheiro.jpg 590w, http:\/\/paulorobertodaradio.com.br\/site\/wp-content\/uploads\/2014\/06\/dinheiro-300x225.jpg 300w\" sizes=\"auto, (max-width: 590px) 100vw, 590px\" \/><\/a>Os trabalhadores com carteira assinada que recebem at\u00e9 dois sal\u00e1rios m\u00ednimos ter\u00e3o um dinheiro extra a partir de julho. O Di\u00e1rio Oficial da Uni\u00e3o publicou nesta segunda-feira o cronograma de pagamento do abono do Programa de Integra\u00e7\u00e3o Social (PIS) e do Programa de Forma\u00e7\u00e3o do Patrim\u00f4nio do Servidor P\u00fablico (Pasep).<\/p>\n<p>Os empregados da iniciativa privada que fazem anivers\u00e1rio em julho, agosto e setembro come\u00e7am a receber o PIS m\u00eas que vem. O pagamento ser\u00e1 feito nos dias 15, 22 e 31 de julho, respectivamente. Para os nascidos em outubro, novembro e dezembro, o abono ser\u00e1 pago em 14, 21 e 28 de agosto.<\/p>\n<p>Quem nasceu em janeiro, fevereiro e mar\u00e7o receber\u00e1 em 16, 23 e 30 de setembro. O quarto lote, para quem faz anivers\u00e1rio em abril, maio e junho, ser\u00e1 pago em 14, 21 e 31 de outubro. O abono, que vale um sal\u00e1rio m\u00ednimo, poder\u00e1 ser sacado nas ag\u00eancias da Caixa Econ\u00f4mica Federal.<\/p>\n<p>Os correntistas da Caixa ter\u00e3o uma vantagem. O benef\u00edcio ser\u00e1 depositado na conta-corrente em 15 de julho (para os nascidos em julho, agosto e setembro), 14 de agosto (nascidos em outubro, novembro e dezembro), 16 de setembro (nascidos em janeiro, fevereiro e mar\u00e7o) e 14 de outubro (nascidos em abril, maio e junho).<\/p>\n<p>Pago apenas aos servidores p\u00fablicos concursados, o Pasep poder\u00e1 ser sacado nas ag\u00eancias do Banco do Brasil. O pagamento ser\u00e1 feito em 15 de julho para os benefici\u00e1rios com final de inscri\u00e7\u00e3o 0 e 1, 14 de agosto (finais 2 e 3), 16 de setembro (finais 4 e 5) e 14 de outubro (finais 6, 7, 8 e 9). Os clientes do banco ter\u00e3o o benef\u00edcio depositado automaticamente.<\/p>\n<p>Quem n\u00e3o retirar o dinheiro at\u00e9 30 de junho de 2015 perde o benef\u00edcio. T\u00eam direito a receber o abono os empregados cadastrados no PIS-Pasep h\u00e1 pelo menos cinco anos que tenham recebido, em m\u00e9dia, at\u00e9 dois sal\u00e1rios m\u00ednimos nos meses trabalhados. Para sacar, o trabalhador deve apresentar carteira de identidade, carteira de trabalho ou o cart\u00e3o do PIS-Pasep.<\/p>\n","protected":false},"excerpt":{"rendered":"<p>Os trabalhadores com carteira assinada que recebem at\u00e9 dois sal\u00e1rios m\u00ednimos ter\u00e3o um dinheiro extra a partir de julho. O Di\u00e1rio Oficial da Uni\u00e3o publicou nesta segunda-feira o cronograma de pagamento do abono do Programa de Integra\u00e7\u00e3o Social (PIS) e do Programa de Forma\u00e7\u00e3o do Patrim\u00f4nio do Servidor P\u00fablico (Pasep). Os empregados da iniciativa privada [&hellip;]<\/p>\n","protected":false},"author":2,"featured_media":0,"comment_status":"open","ping_status":"open","sticky":false,"template":"","format":"standard","meta":{"footnotes":""},"categories":[1],"tags":[],"class_list":["post-2500","post","type-post","status-publish","format-standard","hentry","category-sem-categoria"],"_links":{"self":[{"href":"http:\/\/paulorobertodaradio.com.br\/site\/index.php?rest_route=\/wp\/v2\/posts\/2500","targetHints":{"allow":["GET"]}}],"collection":[{"href":"http:\/\/paulorobertodaradio.com.br\/site\/index.php?rest_route=\/wp\/v2\/posts"}],"about":[{"href":"http:\/\/paulorobertodaradio.com.br\/site\/index.php?rest_route=\/wp\/v2\/types\/post"}],"author":[{"embeddable":true,"href":"http:\/\/paulorobertodaradio.com.br\/site\/index.php?rest_route=\/wp\/v2\/users\/2"}],"replies":[{"embeddable":true,"href":"http:\/\/paulorobertodaradio.com.br\/site\/index.php?rest_route=%2Fwp%2Fv2%2Fcomments&post=2500"}],"version-history":[{"count":2,"href":"http:\/\/paulorobertodaradio.com.br\/site\/index.php?rest_route=\/wp\/v2\/posts\/2500\/revisions"}],"predecessor-version":[{"id":2503,"href":"http:\/\/paulorobertodaradio.com.br\/site\/index.php?rest_route=\/wp\/v2\/posts\/2500\/revisions\/2503"}],"wp:attachment":[{"href":"http:\/\/paulorobertodaradio.com.br\/site\/index.php?rest_route=%2Fwp%2Fv2%2Fmedia&parent=2500"}],"wp:term":[{"taxonomy":"category","embeddable":true,"href":"http:\/\/paulorobertodaradio.com.br\/site\/index.php?rest_route=%2Fwp%2Fv2%2Fcategories&post=2500"},{"taxonomy":"post_tag","embeddable":true,"href":"http:\/\/paulorobertodaradio.com.br\/site\/index.php?rest_route=%2Fwp%2Fv2%2Ftags&post=2500"}],"curies":[{"name":"wp","href":"https:\/\/api.w.org\/{rel}","templated":true}]}}