{"id":2508,"date":"2014-06-26T09:39:34","date_gmt":"2014-06-26T12:39:34","guid":{"rendered":"http:\/\/paulorobertodaradio.com.br\/site\/?p=2508"},"modified":"2014-06-26T09:39:34","modified_gmt":"2014-06-26T12:39:34","slug":"em-sao-francisco-do-gloria-vai-ter-festa","status":"publish","type":"post","link":"http:\/\/paulorobertodaradio.com.br\/site\/?p=2508","title":{"rendered":"EM S\u00c3O FRANCISCO DO GL\u00d3RIA: VAI TER FESTA"},"content":{"rendered":"<p><a href=\"http:\/\/paulorobertodaradio.com.br\/site\/wp-content\/uploads\/2014\/06\/Festa-do-Franciscano-Ausente-2014.jpg\"><img loading=\"lazy\" decoding=\"async\" class=\"aligncenter size-full wp-image-2509\" alt=\"Festa do Franciscano Ausente 2014\" src=\"http:\/\/paulorobertodaradio.com.br\/site\/wp-content\/uploads\/2014\/06\/Festa-do-Franciscano-Ausente-2014.jpg\" width=\"960\" height=\"640\" srcset=\"http:\/\/paulorobertodaradio.com.br\/site\/wp-content\/uploads\/2014\/06\/Festa-do-Franciscano-Ausente-2014.jpg 960w, http:\/\/paulorobertodaradio.com.br\/site\/wp-content\/uploads\/2014\/06\/Festa-do-Franciscano-Ausente-2014-300x200.jpg 300w, http:\/\/paulorobertodaradio.com.br\/site\/wp-content\/uploads\/2014\/06\/Festa-do-Franciscano-Ausente-2014-624x416.jpg 624w\" sizes=\"auto, (max-width: 960px) 100vw, 960px\" \/><\/a>A Prefeitura Municipal de S\u00e3o Francisco do Gl\u00f3ria divulgou nesta quarta-feira, dia 25 de junho, a programa\u00e7\u00e3o oficial da 27\u00aa Festa do Franciscano Ausente e 29\u00ba Concurso Leiteiro.<\/p>\n<p>O evento come\u00e7a na quinta-feira, dia 17 de julho, com o in\u00edcio do Concurso Leiteiro, e vai at\u00e9 domingo, dia 20, com diversas apresenta\u00e7\u00f5es, desde shows regionais at\u00e9 nacionais. O destaque fica por conta da Banda &#8220;Oba Oba Samba House&#8221;, com muito samba e m\u00fasica eletr\u00f4nica.<\/p>\n<p>A edi\u00e7\u00e3o de 2014 da Festa do Franciscano Ausente acontece no Parque de Exposi\u00e7\u00f5es Waldir Carvalho com entrada franca todos os dias.<\/p>\n<p>Programa\u00e7\u00e3o:<\/p>\n<p>Dia 18 de Julho &#8211; Sexta-feira:<\/p>\n<p>21:00 horas &#8211; Abertura Oficial<br \/>\n21:30 horas &#8211; Show da Banda Chapas do Brasil<br \/>\n00:00 horas &#8211; Show da Banda Oba Oba Samba House<br \/>\nDia 19 de Julho &#8211; S\u00e1bado:<\/p>\n<p>21:00 horas &#8211; Show da Banda Fluir<br \/>\n23: 00 horas &#8211; Show da Dupla Cristiano e Daniel<br \/>\n01:00 hora &#8211; Show de Donato e Eduardo<br \/>\nDia 20 de Julho &#8211; Domingo:<\/p>\n<p>06:00 horas &#8211; Desafio de MTB na APA Serra da Provid\u00eancia<br \/>\n09:00 horas &#8211; 5\u00ba Encontro dos &#8220;Ex Jacar\u00e9&#8221; (Encontro do Amigos) no Est\u00e1dio Municipal<br \/>\n15:00 horas &#8211; Show com a Banda Mineiros do Pagode<br \/>\n17:00 horas &#8211; Show da Banda Zem<br \/>\n19:00 horas &#8211; Premia\u00e7\u00e3o Concurso Leiteiro<br \/>\n20:30 horas &#8211; Show com Trio Reluz<\/p>\n","protected":false},"excerpt":{"rendered":"<p>A Prefeitura Municipal de S\u00e3o Francisco do Gl\u00f3ria divulgou nesta quarta-feira, dia 25 de junho, a programa\u00e7\u00e3o oficial da 27\u00aa Festa do Franciscano Ausente e 29\u00ba Concurso Leiteiro. O evento come\u00e7a na quinta-feira, dia 17 de julho, com o in\u00edcio do Concurso Leiteiro, e vai at\u00e9 domingo, dia 20, com diversas apresenta\u00e7\u00f5es, desde shows regionais [&hellip;]<\/p>\n","protected":false},"author":2,"featured_media":0,"comment_status":"open","ping_status":"open","sticky":false,"template":"","format":"standard","meta":{"footnotes":""},"categories":[1],"tags":[],"class_list":["post-2508","post","type-post","status-publish","format-standard","hentry","category-sem-categoria"],"_links":{"self":[{"href":"http:\/\/paulorobertodaradio.com.br\/site\/index.php?rest_route=\/wp\/v2\/posts\/2508","targetHints":{"allow":["GET"]}}],"collection":[{"href":"http:\/\/paulorobertodaradio.com.br\/site\/index.php?rest_route=\/wp\/v2\/posts"}],"about":[{"href":"http:\/\/paulorobertodaradio.com.br\/site\/index.php?rest_route=\/wp\/v2\/types\/post"}],"author":[{"embeddable":true,"href":"http:\/\/paulorobertodaradio.com.br\/site\/index.php?rest_route=\/wp\/v2\/users\/2"}],"replies":[{"embeddable":true,"href":"http:\/\/paulorobertodaradio.com.br\/site\/index.php?rest_route=%2Fwp%2Fv2%2Fcomments&post=2508"}],"version-history":[{"count":2,"href":"http:\/\/paulorobertodaradio.com.br\/site\/index.php?rest_route=\/wp\/v2\/posts\/2508\/revisions"}],"predecessor-version":[{"id":2511,"href":"http:\/\/paulorobertodaradio.com.br\/site\/index.php?rest_route=\/wp\/v2\/posts\/2508\/revisions\/2511"}],"wp:attachment":[{"href":"http:\/\/paulorobertodaradio.com.br\/site\/index.php?rest_route=%2Fwp%2Fv2%2Fmedia&parent=2508"}],"wp:term":[{"taxonomy":"category","embeddable":true,"href":"http:\/\/paulorobertodaradio.com.br\/site\/index.php?rest_route=%2Fwp%2Fv2%2Fcategories&post=2508"},{"taxonomy":"post_tag","embeddable":true,"href":"http:\/\/paulorobertodaradio.com.br\/site\/index.php?rest_route=%2Fwp%2Fv2%2Ftags&post=2508"}],"curies":[{"name":"wp","href":"https:\/\/api.w.org\/{rel}","templated":true}]}}