{"id":2512,"date":"2014-06-26T09:43:32","date_gmt":"2014-06-26T12:43:32","guid":{"rendered":"http:\/\/paulorobertodaradio.com.br\/site\/?p=2512"},"modified":"2014-06-26T09:43:32","modified_gmt":"2014-06-26T12:43:32","slug":"em-muriae-familiares-reconhecem-o-corpo-do-homem-executado-na-madrugada-de-terca-pra-quarta","status":"publish","type":"post","link":"http:\/\/paulorobertodaradio.com.br\/site\/?p=2512","title":{"rendered":"EM MURIA\u00c9: FAMILIARES RECONHECEM O CORPO DO HOMEM EXECUTADO NA MADRUGADA DE TER\u00c7A PRA QUARTA"},"content":{"rendered":"<p><span style=\"line-height: 1.714285714; font-size: 1rem;\"><a href=\"http:\/\/paulorobertodaradio.com.br\/site\/wp-content\/uploads\/2014\/06\/RECONHECMENTO.jpg\"><img loading=\"lazy\" decoding=\"async\" class=\"size-full wp-image-2513 alignleft\" alt=\"RECONHECMENTO\" src=\"http:\/\/paulorobertodaradio.com.br\/site\/wp-content\/uploads\/2014\/06\/RECONHECMENTO.jpg\" width=\"450\" height=\"299\" srcset=\"http:\/\/paulorobertodaradio.com.br\/site\/wp-content\/uploads\/2014\/06\/RECONHECMENTO.jpg 450w, http:\/\/paulorobertodaradio.com.br\/site\/wp-content\/uploads\/2014\/06\/RECONHECMENTO-300x199.jpg 300w\" sizes=\"auto, (max-width: 450px) 100vw, 450px\" \/><\/a>Na tarde desta quarta-feira (25), familiares reconheceram como sendo de Samuel Pereira, conhecido em Muria\u00e9 como \u201cPereir\u00e3o\u201d, o corpo do homem que foi morto a tiros, na madrugada de quarta, na Avenida Dr\u00ba Passos, na esquina com rua J\u00falio Brand\u00e3o.<\/span><\/p>\n<p>Foram ouvidos tiros e quando a Pol\u00edcia Militar chegou ao local a v\u00edtima j\u00e1 estava sem vida e com ferimentos de tiros. A Per\u00edcia T\u00e9cnica realizou os trabalhos de praxe e o corpo da v\u00edtima foi encaminha do IML, onde aguardava reconhecimento. Foi realizada a necr\u00f3psia e com a documenta\u00e7\u00e3o necess\u00e1ria o corpo ser\u00e1 liberado para que os familiares cuidem do vel\u00f3rio e sepultamento do rapaz.<\/p>\n<p>Colabora\u00e7\u00e3o: interligadoonline.com<\/p>\n","protected":false},"excerpt":{"rendered":"<p>Na tarde desta quarta-feira (25), familiares reconheceram como sendo de Samuel Pereira, conhecido em Muria\u00e9 como \u201cPereir\u00e3o\u201d, o corpo do homem que foi morto a tiros, na madrugada de quarta, na Avenida Dr\u00ba Passos, na esquina com rua J\u00falio Brand\u00e3o. Foram ouvidos tiros e quando a Pol\u00edcia Militar chegou ao local a v\u00edtima j\u00e1 estava [&hellip;]<\/p>\n","protected":false},"author":2,"featured_media":0,"comment_status":"open","ping_status":"open","sticky":false,"template":"","format":"standard","meta":{"footnotes":""},"categories":[1],"tags":[],"class_list":["post-2512","post","type-post","status-publish","format-standard","hentry","category-sem-categoria"],"_links":{"self":[{"href":"http:\/\/paulorobertodaradio.com.br\/site\/index.php?rest_route=\/wp\/v2\/posts\/2512","targetHints":{"allow":["GET"]}}],"collection":[{"href":"http:\/\/paulorobertodaradio.com.br\/site\/index.php?rest_route=\/wp\/v2\/posts"}],"about":[{"href":"http:\/\/paulorobertodaradio.com.br\/site\/index.php?rest_route=\/wp\/v2\/types\/post"}],"author":[{"embeddable":true,"href":"http:\/\/paulorobertodaradio.com.br\/site\/index.php?rest_route=\/wp\/v2\/users\/2"}],"replies":[{"embeddable":true,"href":"http:\/\/paulorobertodaradio.com.br\/site\/index.php?rest_route=%2Fwp%2Fv2%2Fcomments&post=2512"}],"version-history":[{"count":2,"href":"http:\/\/paulorobertodaradio.com.br\/site\/index.php?rest_route=\/wp\/v2\/posts\/2512\/revisions"}],"predecessor-version":[{"id":2515,"href":"http:\/\/paulorobertodaradio.com.br\/site\/index.php?rest_route=\/wp\/v2\/posts\/2512\/revisions\/2515"}],"wp:attachment":[{"href":"http:\/\/paulorobertodaradio.com.br\/site\/index.php?rest_route=%2Fwp%2Fv2%2Fmedia&parent=2512"}],"wp:term":[{"taxonomy":"category","embeddable":true,"href":"http:\/\/paulorobertodaradio.com.br\/site\/index.php?rest_route=%2Fwp%2Fv2%2Fcategories&post=2512"},{"taxonomy":"post_tag","embeddable":true,"href":"http:\/\/paulorobertodaradio.com.br\/site\/index.php?rest_route=%2Fwp%2Fv2%2Ftags&post=2512"}],"curies":[{"name":"wp","href":"https:\/\/api.w.org\/{rel}","templated":true}]}}